{"id":102,"date":"2010-09-03T22:58:00","date_gmt":"2010-09-03T20:58:00","guid":{"rendered":"http:\/\/wroclawskie-kamienice.pl\/index.php\/2010\/09\/03\/ul-wapienna-27\/"},"modified":"2020-05-31T16:53:01","modified_gmt":"2020-05-31T14:53:01","slug":"ul-wapienna-27","status":"publish","type":"post","link":"https:\/\/wroclawskie-kamienice.pl\/index.php\/2010\/09\/03\/ul-wapienna-27\/","title":{"rendered":"ul. Wapienna 27"},"content":{"rendered":"<p><span style=\"font-size:100%;\"><span style=\"font-weight: bold;\">Dzielnica: Krzyki<\/span><br \/><\/span><\/p>\n<div style=\"text-align: justify;\"><span style=\"font-size:100%;\"><span style=\"font-weight: bold;\">Osiedle: Huby<\/span><\/span><br \/><span style=\"font-size:85%;\"><span style=\"font-weight: bold;\">Ulica: Wapienna, dawniej: Galle Strasse<\/span> &#8211; <span style=\"font-family:trebuchet ms;\">nazwana tak na cze\u015b\u0107 astronoma Johanna  Gottfrieda Galle; bieg\u0142a niegdy\u015b od ulicy Glinianej do \u015alicznej. Do naszych czas\u00f3w przetrwa\u0142a jedynie jej \u015brodkowa cz\u0119\u015b\u0107. <\/span><br \/><\/span><\/p>\n<div style=\"text-align: center;\"><span style=\"font-size:130%;\"><a style=\"font-family: trebuchet ms;\" href=\"http:\/\/mapy.google.pl\/maps\/ms?ie=UTF8&amp;hl=pl&amp;t=h&amp;msa=0&amp;msid=115587650758912778739.0004875f6134002f1ba4a&amp;ll=51.088146,17.042874&amp;spn=0.003154,0.009645&amp;z=17\"><span style=\"font-weight: bold;\">Wapienna 27<\/span><\/a><br \/><span style=\"font-size:85%;\"><br \/><\/span><\/span><span style=\";font-family:trebuchet ms;font-size:85%;\"  ><br \/><\/span><\/p>\n<div  style=\"text-align: justify;font-family:trebuchet ms;\">\n<div style=\"text-align: justify;\"><span style=\"font-size:85%;\">Przyznaj\u0119, \u017ce od pocz\u0105tku mojej wycieczki po ulicy Wapiennej chcia\u0142am zajrze\u0107 w\u0142a\u015bnie do tej kamienicy, dlatego nie zdziwi\u0142o mnie specjalnie, \u017ce drzwi wej\u015bciowe uzbrojone by\u0142y w DZIA\u0141AJ\u0104CY ZAMEK! <span style=\"font-style: italic;\">(no bo kto ma pecha, hm? no kto?)<\/span> Z powodu do\u015b\u0107 p\u00f3\u017anej pory i zapadaj\u0105cego zmierzchu nie mia\u0142am sumienia &#8222;napada\u0107&#8221; na starsz\u0105 pani\u0105, kt\u00f3ra jako jedyna w przeci\u0105gu bodaj\u017ce 45 minut wchodzi\u0142a do bramy nr 27. Ludziom zazwyczaj ci\u0119\u017cko uwierzy\u0107, \u017ce chc\u0119 robi\u0107 zdj\u0119cia &#8222;takiej ruiny&#8221;&#8230; <span style=\"font-style: italic;\">(oczywi\u015bcie nadal mowa o budynku, nie o wspomnianej lokatorce :P)<\/span>. Jednakowo\u017c m\u0142odsi lokatorzy wykazuj\u0105 si\u0119 wi\u0119kszym zrozumieniem dla mojego osobliwego upodobania.<\/span><\/div>\n<div style=\"text-align: left;\">\n<div style=\"text-align: justify;\"><span style=\";font-family:trebuchet ms;font-size:85%;\"  >Tym sposobem, polowanie na kamienic\u0119 nr 27 zaj\u0119\u0142o mi dwa dni&#8230;<\/span><\/p>\n<p><span style=\";font-family:trebuchet ms;font-size:85%;\"  >&#8230; Ale by\u0142o warto :). Portal stanowi\u0105cy obramienie drzwi wej\u015bciowych przyci\u0105ga spojrzenie niecodzienn\u0105 mieszank\u0105 starego i nowego. Opr\u00f3cz dostojnych kolumn i powitalnego <a href=\"http:\/\/i933.photobucket.com\/albums\/ad174\/Vanity_Overodse\/Wapienna%2027\/02abrama-salve.jpg\"><span style=\"font-style: italic;\">Salve!<\/span><\/a> mamy tak\u017ce informacj\u0119, i\u017c pod tym numerem rezyduje kto\u015b, kto od poniedzia\u0142ku do soboty ch\u0119tnie zajmie si\u0119 naszymi ko\u017cuchami. Dobrze, \u017ce nie wykuli tej reklamy w elewacji.<\/span><\/p>\n<p><span style=\";font-family:trebuchet ms;font-size:85%;\"  >Hol op\u0142ywa <a href=\"http:\/\/i933.photobucket.com\/albums\/ad174\/Vanity_Overodse\/Wapienna%2027\/08kafle.jpg\">indygo i secesj\u0105<\/a>. Oczywi\u015bcie &#8222;op\u0142ywa&#8221; jak na skromne i &#8222;rozs\u0105dne&#8221; mo\u017cliwo\u015bci takiej kamieniczki. Opr\u00f3cz tego hol op\u0142ywa r\u00f3wnie\u017c&#8230; \u015brodkami czyszcz\u0105cymi. Mo\u017ce nie dos\u0142ownie, ale przyjemny kwiatowy zapach towarzyszy\u0142 mi podczas ca\u0142ej wycieczki. <a href=\"http:\/\/i933.photobucket.com\/albums\/ad174\/Vanity_Overodse\/Wapienna%2027\/12klatkaschodowa.jpg\">Klatka schodowa<\/a>, hol &#8211; wszystko wygl\u0105da tu, jakby nr 27 opanowa\u0142a dobrze zorganizowana grupa poznaniak\u00f3w ;)) &#8211; skromnie, ale czysto, pachn\u0105co i b\u0142yszcz\u0105co.<\/span><\/p>\n<p><span style=\";font-family:trebuchet ms;font-size:85%;\"  >Je\u015bli \u015bciany korytarzy by\u0142y kiedykolwiek zdobione &#8211; musia\u0142o to by\u0107 dawno. Brakuje zdobie\u0144, ale brakuje te\u017c wi\u0119kszych \u015blad\u00f3w bytno\u015bci wandali. \u015aciany pokrywa jedynie do\u015b\u0107 standardowy (kolorystycznie) zestaw farb. Niestety starania mieszka\u0144c\u00f3w nie wywar\u0142y wra\u017cenia na raczej typowym dla starych budynk\u00f3w problemie wilgoci. Na ostatnim pi\u0119trze, ko\u0142o okna, <a href=\"http:\/\/i933.photobucket.com\/albums\/ad174\/Vanity_Overodse\/Wapienna%2027\/11grzyb.jpg\">zacieki<\/a> utworzy\u0142y wybitnie szpetny fresk.<\/span><br \/><span style=\";font-family:trebuchet ms;font-size:85%;\"  ><span style=\"text-decoration: underline;\"><br \/><\/span><a href=\"http:\/\/i933.photobucket.com\/albums\/ad174\/Vanity_Overodse\/Wapienna%2027\/13podwrze.jpg\">Od strony podw\u00f3rza<\/a> kamienica wygl\u0105da tak, \u017ce mo\u017cna zastanawia\u0107 si\u0119, czy wojna nie trwa\u0142a tu jako\u015b d\u0142u\u017cej&#8230;<\/span><\/p>\n<p><span style=\";font-family:trebuchet ms;font-size:85%;\"  >PS. Nie uda\u0142o mi si\u0119 zrobi\u0107 zdj\u0119cia ca\u0142ej fasady kamienicy nr 27 &#8211; brak przyzwoitego aparatu ;). Obiecuj\u0119 uzupe\u0142ni\u0107 ten brak niebawem, bo <a href=\"http:\/\/i933.photobucket.com\/albums\/ad174\/Vanity_Overodse\/Wapienna%2027\/05okna.jpg\">warto<\/a>.<\/span><\/p>\n<\/div>\n<div style=\"text-align: justify;\"><\/div>\n<p><span style=\"font-size:85%;\"><br \/><center><br \/><a href=\"http:\/\/s933.photobucket.com\/albums\/ad174\/Vanity_Overodse\/Wapienna%2027\/?action=view&amp;current=01brama.jpg\" target=\"_blank\" rel=\"noopener noreferrer\"><img decoding=\"async\" src=\"http:\/\/i933.photobucket.com\/albums\/ad174\/Vanity_Overodse\/Wapienna%2027\/th_01brama.jpg\" alt=\"ul. Wapienna 27\" border=\"0\" \/><\/a> <a href=\"http:\/\/s933.photobucket.com\/albums\/ad174\/Vanity_Overodse\/Wapienna%2027\/?action=view&amp;current=02abrama-salve.jpg\" target=\"_blank\" rel=\"noopener noreferrer\"><img decoding=\"async\" src=\"http:\/\/i933.photobucket.com\/albums\/ad174\/Vanity_Overodse\/Wapienna%2027\/th_02abrama-salve.jpg\" alt=\"ul. Wapienna 27\" border=\"0\" \/><\/a> <a href=\"http:\/\/s933.photobucket.com\/albums\/ad174\/Vanity_Overodse\/Wapienna%2027\/?action=view&amp;current=02brama.jpg\" target=\"_blank\" rel=\"noopener noreferrer\"><img decoding=\"async\" src=\"http:\/\/i933.photobucket.com\/albums\/ad174\/Vanity_Overodse\/Wapienna%2027\/th_02brama.jpg\" alt=\"ul. Wapienna 27\" border=\"0\" \/><\/a> <a href=\"http:\/\/s933.photobucket.com\/albums\/ad174\/Vanity_Overodse\/Wapienna%2027\/?action=view&amp;current=03elewacjabalkony.jpg\" target=\"_blank\" rel=\"noopener noreferrer\"><img decoding=\"async\" src=\"http:\/\/i933.photobucket.com\/albums\/ad174\/Vanity_Overodse\/Wapienna%2027\/th_03elewacjabalkony.jpg\" alt=\"ul. Wapienna 27\" border=\"0\" \/><\/a> <a href=\"http:\/\/s933.photobucket.com\/albums\/ad174\/Vanity_Overodse\/Wapienna%2027\/?action=view&amp;current=04elewacjaokna.jpg\" target=\"_blank\" rel=\"noopener noreferrer\"><img decoding=\"async\" src=\"http:\/\/i933.photobucket.com\/albums\/ad174\/Vanity_Overodse\/Wapienna%2027\/th_04elewacjaokna.jpg\" alt=\"ul. Wapienna 27\" border=\"0\" \/><\/a> <a href=\"http:\/\/s933.photobucket.com\/albums\/ad174\/Vanity_Overodse\/Wapienna%2027\/?action=view&amp;current=05okna.jpg\" target=\"_blank\" rel=\"noopener noreferrer\"><img decoding=\"async\" src=\"http:\/\/i933.photobucket.com\/albums\/ad174\/Vanity_Overodse\/Wapienna%2027\/th_05okna.jpg\" alt=\"ul. Wapienna 27\" border=\"0\" \/><\/a> <a href=\"http:\/\/s933.photobucket.com\/albums\/ad174\/Vanity_Overodse\/Wapienna%2027\/?action=view&amp;current=06wrodku.jpg\" target=\"_blank\" rel=\"noopener noreferrer\"><img decoding=\"async\" src=\"http:\/\/i933.photobucket.com\/albums\/ad174\/Vanity_Overodse\/Wapienna%2027\/th_06wrodku.jpg\" alt=\"ul. Wapienna 27\" border=\"0\" \/><\/a> <a href=\"http:\/\/s933.photobucket.com\/albums\/ad174\/Vanity_Overodse\/Wapienna%2027\/?action=view&amp;current=07pilastry.jpg\" target=\"_blank\" rel=\"noopener noreferrer\"><img decoding=\"async\" src=\"http:\/\/i933.photobucket.com\/albums\/ad174\/Vanity_Overodse\/Wapienna%2027\/th_07pilastry.jpg\" alt=\"ul. Wapienna 27\" border=\"0\" \/><\/a> <a href=\"http:\/\/s933.photobucket.com\/albums\/ad174\/Vanity_Overodse\/Wapienna%2027\/?action=view&amp;current=08kafle.jpg\" target=\"_blank\" rel=\"noopener noreferrer\"><img decoding=\"async\" src=\"http:\/\/i933.photobucket.com\/albums\/ad174\/Vanity_Overodse\/Wapienna%2027\/th_08kafle.jpg\" alt=\"ul. Wapienna 27\" border=\"0\" \/><\/a> <a href=\"http:\/\/s933.photobucket.com\/albums\/ad174\/Vanity_Overodse\/Wapienna%2027\/?action=view&amp;current=09kafle.jpg\" target=\"_blank\" rel=\"noopener noreferrer\"><img decoding=\"async\" src=\"http:\/\/i933.photobucket.com\/albums\/ad174\/Vanity_Overodse\/Wapienna%2027\/th_09kafle.jpg\" alt=\"ul. Wapienna 27\" border=\"0\" \/><\/a> <a href=\"http:\/\/s933.photobucket.com\/albums\/ad174\/Vanity_Overodse\/Wapienna%2027\/?action=view&amp;current=10schody.jpg\" target=\"_blank\" rel=\"noopener noreferrer\"><img decoding=\"async\" src=\"http:\/\/i933.photobucket.com\/albums\/ad174\/Vanity_Overodse\/Wapienna%2027\/th_10schody.jpg\" alt=\"ul. Wapienna 27\" border=\"0\" \/><\/a> <a href=\"http:\/\/s933.photobucket.com\/albums\/ad174\/Vanity_Overodse\/Wapienna%2027\/?action=view&amp;current=11grzyb.jpg\" target=\"_blank\" rel=\"noopener noreferrer\"><img decoding=\"async\" src=\"http:\/\/i933.photobucket.com\/albums\/ad174\/Vanity_Overodse\/Wapienna%2027\/th_11grzyb.jpg\" alt=\"ul. Wapienna 27\" border=\"0\" \/><\/a> <a href=\"http:\/\/s933.photobucket.com\/albums\/ad174\/Vanity_Overodse\/Wapienna%2027\/?action=view&amp;current=12klatkaschodowa.jpg\" target=\"_blank\" rel=\"noopener noreferrer\"><img decoding=\"async\" src=\"http:\/\/i933.photobucket.com\/albums\/ad174\/Vanity_Overodse\/Wapienna%2027\/th_12klatkaschodowa.jpg\" alt=\"ul. Wapienna 27\" border=\"0\" \/><\/a> <a href=\"http:\/\/s933.photobucket.com\/albums\/ad174\/Vanity_Overodse\/Wapienna%2027\/?action=view&amp;current=13podwrze.jpg\" target=\"_blank\" rel=\"noopener noreferrer\"><img decoding=\"async\" src=\"http:\/\/i933.photobucket.com\/albums\/ad174\/Vanity_Overodse\/Wapienna%2027\/th_13podwrze.jpg\" alt=\"ul. Wapienna 27\" border=\"0\" \/><\/a><br \/><\/center><\/p>\n<p><\/span><\/div>\n<\/div>\n<\/div>\n<\/div>\n","protected":false},"excerpt":{"rendered":"<p>Dzielnica: Krzyki Osiedle: HubyUlica: Wapienna, dawniej: Galle Strasse &#8211; nazwana tak na cze\u015b\u0107 astronoma Johanna Gottfrieda Galle; bieg\u0142a niegdy\u015b od<\/p>\n","protected":false},"author":1,"featured_media":0,"comment_status":"open","ping_status":"open","sticky":false,"template":"","format":"standard","meta":{"ngg_post_thumbnail":0,"footnotes":""},"categories":[15,144,96,26,194,24],"tags":[232],"class_list":["post-102","post","type-post","status-publish","format-standard","hentry","category-kamienica","category-pilastry","category-ruina","category-secesja","category-wapienna","category-wroclaw","tag-krzyki"],"yoast_head":"<!-- This site is optimized with the Yoast SEO plugin v25.1 - https:\/\/yoast.com\/wordpress\/plugins\/seo\/ -->\n<title>ul. Wapienna 27 | Wroc\u0142awskie Kamienice<\/title>\n<meta name=\"robots\" content=\"index, follow, max-snippet:-1, max-image-preview:large, max-video-preview:-1\" \/>\n<link rel=\"canonical\" href=\"https:\/\/wroclawskie-kamienice.pl\/index.php\/2010\/09\/03\/ul-wapienna-27\/\" \/>\n<meta property=\"og:locale\" content=\"pl_PL\" \/>\n<meta property=\"og:type\" content=\"article\" \/>\n<meta property=\"og:title\" content=\"ul. Wapienna 27 | Wroc\u0142awskie Kamienice\" \/>\n<meta property=\"og:description\" content=\"Dzielnica: Krzyki Osiedle: HubyUlica: Wapienna, dawniej: Galle Strasse &#8211; nazwana tak na cze\u015b\u0107 astronoma Johanna Gottfrieda Galle; bieg\u0142a niegdy\u015b od\" \/>\n<meta property=\"og:url\" content=\"https:\/\/wroclawskie-kamienice.pl\/index.php\/2010\/09\/03\/ul-wapienna-27\/\" \/>\n<meta property=\"og:site_name\" content=\"Wroc\u0142awskie Kamienice\" \/>\n<meta property=\"article:publisher\" content=\"https:\/\/www.facebook.com\/wroclawskie.kamienice\" \/>\n<meta property=\"article:published_time\" content=\"2010-09-03T20:58:00+00:00\" \/>\n<meta property=\"article:modified_time\" content=\"2020-05-31T14:53:01+00:00\" \/>\n<meta property=\"og:image\" content=\"http:\/\/i933.photobucket.com\/albums\/ad174\/Vanity_Overodse\/Wapienna%2027\/th_01brama.jpg\" \/>\n<meta name=\"author\" content=\"Ewelina Kodzis\" \/>\n<meta name=\"twitter:card\" content=\"summary_large_image\" \/>\n<meta name=\"twitter:label1\" content=\"Napisane przez\" \/>\n\t<meta name=\"twitter:data1\" content=\"Ewelina Kodzis\" \/>\n\t<meta name=\"twitter:label2\" content=\"Szacowany czas czytania\" \/>\n\t<meta name=\"twitter:data2\" content=\"2 minuty\" \/>\n<script type=\"application\/ld+json\" class=\"yoast-schema-graph\">{\"@context\":\"https:\/\/schema.org\",\"@graph\":[{\"@type\":\"WebPage\",\"@id\":\"https:\/\/wroclawskie-kamienice.pl\/index.php\/2010\/09\/03\/ul-wapienna-27\/\",\"url\":\"https:\/\/wroclawskie-kamienice.pl\/index.php\/2010\/09\/03\/ul-wapienna-27\/\",\"name\":\"ul. Wapienna 27 | Wroc\u0142awskie Kamienice\",\"isPartOf\":{\"@id\":\"https:\/\/wroclawskie-kamienice.pl\/#website\"},\"primaryImageOfPage\":{\"@id\":\"https:\/\/wroclawskie-kamienice.pl\/index.php\/2010\/09\/03\/ul-wapienna-27\/#primaryimage\"},\"image\":{\"@id\":\"https:\/\/wroclawskie-kamienice.pl\/index.php\/2010\/09\/03\/ul-wapienna-27\/#primaryimage\"},\"thumbnailUrl\":\"http:\/\/i933.photobucket.com\/albums\/ad174\/Vanity_Overodse\/Wapienna%2027\/th_01brama.jpg\",\"datePublished\":\"2010-09-03T20:58:00+00:00\",\"dateModified\":\"2020-05-31T14:53:01+00:00\",\"author\":{\"@id\":\"https:\/\/wroclawskie-kamienice.pl\/#\/schema\/person\/21fced558fdbcc1b64a74f1b4a21c592\"},\"breadcrumb\":{\"@id\":\"https:\/\/wroclawskie-kamienice.pl\/index.php\/2010\/09\/03\/ul-wapienna-27\/#breadcrumb\"},\"inLanguage\":\"pl-PL\",\"potentialAction\":[{\"@type\":\"ReadAction\",\"target\":[\"https:\/\/wroclawskie-kamienice.pl\/index.php\/2010\/09\/03\/ul-wapienna-27\/\"]}]},{\"@type\":\"ImageObject\",\"inLanguage\":\"pl-PL\",\"@id\":\"https:\/\/wroclawskie-kamienice.pl\/index.php\/2010\/09\/03\/ul-wapienna-27\/#primaryimage\",\"url\":\"http:\/\/i933.photobucket.com\/albums\/ad174\/Vanity_Overodse\/Wapienna%2027\/th_01brama.jpg\",\"contentUrl\":\"http:\/\/i933.photobucket.com\/albums\/ad174\/Vanity_Overodse\/Wapienna%2027\/th_01brama.jpg\"},{\"@type\":\"BreadcrumbList\",\"@id\":\"https:\/\/wroclawskie-kamienice.pl\/index.php\/2010\/09\/03\/ul-wapienna-27\/#breadcrumb\",\"itemListElement\":[{\"@type\":\"ListItem\",\"position\":1,\"name\":\"Strona g\u0142\u00f3wna\",\"item\":\"https:\/\/wroclawskie-kamienice.pl\/\"},{\"@type\":\"ListItem\",\"position\":2,\"name\":\"ul.&nbsp;Wapienna 27\"}]},{\"@type\":\"WebSite\",\"@id\":\"https:\/\/wroclawskie-kamienice.pl\/#website\",\"url\":\"https:\/\/wroclawskie-kamienice.pl\/\",\"name\":\"Wroc\u0142awskie Kamienice\",\"description\":\"\",\"potentialAction\":[{\"@type\":\"SearchAction\",\"target\":{\"@type\":\"EntryPoint\",\"urlTemplate\":\"https:\/\/wroclawskie-kamienice.pl\/?s={search_term_string}\"},\"query-input\":{\"@type\":\"PropertyValueSpecification\",\"valueRequired\":true,\"valueName\":\"search_term_string\"}}],\"inLanguage\":\"pl-PL\"},{\"@type\":\"Person\",\"@id\":\"https:\/\/wroclawskie-kamienice.pl\/#\/schema\/person\/21fced558fdbcc1b64a74f1b4a21c592\",\"name\":\"Ewelina Kodzis\",\"image\":{\"@type\":\"ImageObject\",\"inLanguage\":\"pl-PL\",\"@id\":\"https:\/\/wroclawskie-kamienice.pl\/#\/schema\/person\/image\/\",\"url\":\"https:\/\/secure.gravatar.com\/avatar\/4a7fc5b2885261c85e300a114cd565425fbc799e1f433806465ee256fa1738c9?s=96&d=mm&r=g\",\"contentUrl\":\"https:\/\/secure.gravatar.com\/avatar\/4a7fc5b2885261c85e300a114cd565425fbc799e1f433806465ee256fa1738c9?s=96&d=mm&r=g\",\"caption\":\"Ewelina Kodzis\"},\"description\":\"Filologia, dziennikarstwo, grafika i blogowanie. Opr\u00f3cz tego Wroc\u0142aw, muzyka, jesie\u0144 i koty. P\u00f3\u017aniej dopiero ca\u0142a reszta.\",\"url\":\"https:\/\/wroclawskie-kamienice.pl\/index.php\/author\/admin6028\/\"}]}<\/script>\n<!-- \/ Yoast SEO plugin. -->","yoast_head_json":{"title":"ul. Wapienna 27 | Wroc\u0142awskie Kamienice","robots":{"index":"index","follow":"follow","max-snippet":"max-snippet:-1","max-image-preview":"max-image-preview:large","max-video-preview":"max-video-preview:-1"},"canonical":"https:\/\/wroclawskie-kamienice.pl\/index.php\/2010\/09\/03\/ul-wapienna-27\/","og_locale":"pl_PL","og_type":"article","og_title":"ul. Wapienna 27 | Wroc\u0142awskie Kamienice","og_description":"Dzielnica: Krzyki Osiedle: HubyUlica: Wapienna, dawniej: Galle Strasse &#8211; nazwana tak na cze\u015b\u0107 astronoma Johanna Gottfrieda Galle; bieg\u0142a niegdy\u015b od","og_url":"https:\/\/wroclawskie-kamienice.pl\/index.php\/2010\/09\/03\/ul-wapienna-27\/","og_site_name":"Wroc\u0142awskie Kamienice","article_publisher":"https:\/\/www.facebook.com\/wroclawskie.kamienice","article_published_time":"2010-09-03T20:58:00+00:00","article_modified_time":"2020-05-31T14:53:01+00:00","og_image":[{"url":"http:\/\/i933.photobucket.com\/albums\/ad174\/Vanity_Overodse\/Wapienna%2027\/th_01brama.jpg","type":"","width":"","height":""}],"author":"Ewelina Kodzis","twitter_card":"summary_large_image","twitter_misc":{"Napisane przez":"Ewelina Kodzis","Szacowany czas czytania":"2 minuty"},"schema":{"@context":"https:\/\/schema.org","@graph":[{"@type":"WebPage","@id":"https:\/\/wroclawskie-kamienice.pl\/index.php\/2010\/09\/03\/ul-wapienna-27\/","url":"https:\/\/wroclawskie-kamienice.pl\/index.php\/2010\/09\/03\/ul-wapienna-27\/","name":"ul. Wapienna 27 | Wroc\u0142awskie Kamienice","isPartOf":{"@id":"https:\/\/wroclawskie-kamienice.pl\/#website"},"primaryImageOfPage":{"@id":"https:\/\/wroclawskie-kamienice.pl\/index.php\/2010\/09\/03\/ul-wapienna-27\/#primaryimage"},"image":{"@id":"https:\/\/wroclawskie-kamienice.pl\/index.php\/2010\/09\/03\/ul-wapienna-27\/#primaryimage"},"thumbnailUrl":"http:\/\/i933.photobucket.com\/albums\/ad174\/Vanity_Overodse\/Wapienna%2027\/th_01brama.jpg","datePublished":"2010-09-03T20:58:00+00:00","dateModified":"2020-05-31T14:53:01+00:00","author":{"@id":"https:\/\/wroclawskie-kamienice.pl\/#\/schema\/person\/21fced558fdbcc1b64a74f1b4a21c592"},"breadcrumb":{"@id":"https:\/\/wroclawskie-kamienice.pl\/index.php\/2010\/09\/03\/ul-wapienna-27\/#breadcrumb"},"inLanguage":"pl-PL","potentialAction":[{"@type":"ReadAction","target":["https:\/\/wroclawskie-kamienice.pl\/index.php\/2010\/09\/03\/ul-wapienna-27\/"]}]},{"@type":"ImageObject","inLanguage":"pl-PL","@id":"https:\/\/wroclawskie-kamienice.pl\/index.php\/2010\/09\/03\/ul-wapienna-27\/#primaryimage","url":"http:\/\/i933.photobucket.com\/albums\/ad174\/Vanity_Overodse\/Wapienna%2027\/th_01brama.jpg","contentUrl":"http:\/\/i933.photobucket.com\/albums\/ad174\/Vanity_Overodse\/Wapienna%2027\/th_01brama.jpg"},{"@type":"BreadcrumbList","@id":"https:\/\/wroclawskie-kamienice.pl\/index.php\/2010\/09\/03\/ul-wapienna-27\/#breadcrumb","itemListElement":[{"@type":"ListItem","position":1,"name":"Strona g\u0142\u00f3wna","item":"https:\/\/wroclawskie-kamienice.pl\/"},{"@type":"ListItem","position":2,"name":"ul.&nbsp;Wapienna 27"}]},{"@type":"WebSite","@id":"https:\/\/wroclawskie-kamienice.pl\/#website","url":"https:\/\/wroclawskie-kamienice.pl\/","name":"Wroc\u0142awskie Kamienice","description":"","potentialAction":[{"@type":"SearchAction","target":{"@type":"EntryPoint","urlTemplate":"https:\/\/wroclawskie-kamienice.pl\/?s={search_term_string}"},"query-input":{"@type":"PropertyValueSpecification","valueRequired":true,"valueName":"search_term_string"}}],"inLanguage":"pl-PL"},{"@type":"Person","@id":"https:\/\/wroclawskie-kamienice.pl\/#\/schema\/person\/21fced558fdbcc1b64a74f1b4a21c592","name":"Ewelina Kodzis","image":{"@type":"ImageObject","inLanguage":"pl-PL","@id":"https:\/\/wroclawskie-kamienice.pl\/#\/schema\/person\/image\/","url":"https:\/\/secure.gravatar.com\/avatar\/4a7fc5b2885261c85e300a114cd565425fbc799e1f433806465ee256fa1738c9?s=96&d=mm&r=g","contentUrl":"https:\/\/secure.gravatar.com\/avatar\/4a7fc5b2885261c85e300a114cd565425fbc799e1f433806465ee256fa1738c9?s=96&d=mm&r=g","caption":"Ewelina Kodzis"},"description":"Filologia, dziennikarstwo, grafika i blogowanie. Opr\u00f3cz tego Wroc\u0142aw, muzyka, jesie\u0144 i koty. P\u00f3\u017aniej dopiero ca\u0142a reszta.","url":"https:\/\/wroclawskie-kamienice.pl\/index.php\/author\/admin6028\/"}]}},"_links":{"self":[{"href":"https:\/\/wroclawskie-kamienice.pl\/index.php\/wp-json\/wp\/v2\/posts\/102","targetHints":{"allow":["GET"]}}],"collection":[{"href":"https:\/\/wroclawskie-kamienice.pl\/index.php\/wp-json\/wp\/v2\/posts"}],"about":[{"href":"https:\/\/wroclawskie-kamienice.pl\/index.php\/wp-json\/wp\/v2\/types\/post"}],"author":[{"embeddable":true,"href":"https:\/\/wroclawskie-kamienice.pl\/index.php\/wp-json\/wp\/v2\/users\/1"}],"replies":[{"embeddable":true,"href":"https:\/\/wroclawskie-kamienice.pl\/index.php\/wp-json\/wp\/v2\/comments?post=102"}],"version-history":[{"count":1,"href":"https:\/\/wroclawskie-kamienice.pl\/index.php\/wp-json\/wp\/v2\/posts\/102\/revisions"}],"predecessor-version":[{"id":2236,"href":"https:\/\/wroclawskie-kamienice.pl\/index.php\/wp-json\/wp\/v2\/posts\/102\/revisions\/2236"}],"wp:attachment":[{"href":"https:\/\/wroclawskie-kamienice.pl\/index.php\/wp-json\/wp\/v2\/media?parent=102"}],"wp:term":[{"taxonomy":"category","embeddable":true,"href":"https:\/\/wroclawskie-kamienice.pl\/index.php\/wp-json\/wp\/v2\/categories?post=102"},{"taxonomy":"post_tag","embeddable":true,"href":"https:\/\/wroclawskie-kamienice.pl\/index.php\/wp-json\/wp\/v2\/tags?post=102"}],"curies":[{"name":"wp","href":"https:\/\/api.w.org\/{rel}","templated":true}]}}