{"id":109,"date":"2010-05-25T01:40:00","date_gmt":"2010-05-24T23:40:00","guid":{"rendered":"http:\/\/wroclawskie-kamienice.pl\/index.php\/2010\/05\/25\/ul-wapienna-30\/"},"modified":"2020-09-11T09:36:55","modified_gmt":"2020-09-11T07:36:55","slug":"ul-wapienna-30","status":"publish","type":"post","link":"https:\/\/wroclawskie-kamienice.pl\/index.php\/2010\/05\/25\/ul-wapienna-30\/","title":{"rendered":"Wapienna 30"},"content":{"rendered":"\n<p>Imponuj\u0105cych rozmiar\u00f3w kamienica naro\u017cna przy skrzy\u017cowaniu ulicy Wapiennej i \u015awi\u0119tego Jerzego przyci\u0105ga spojrzenia soczyst\u0105 kolorystyk\u0105 \u015bwie\u017co odnowionej elewacji. Budynek remontowano od ko\u0144ca 2008 roku do po\u0142owy roku 2009. Chyba ka\u017cdy, kto widzia\u0142 jak wygl\u0105da Wapienna 30 przed remontem odetchn\u0105\u0142 z ulg\u0105. Tych, kt\u00f3rzy nie widzieli, odsy\u0142am do <a href=\"https:\/\/fotopolska.eu\/Wroclaw\/b11346,Wapienna_30_-_sw_Jerzego_25.html\">zdj\u0119\u0107<\/a>. <\/p>\n\n\n\n<h6 class=\"has-vivid-red-color has-text-color wp-block-heading\">Go\u0142\u0105bki na torcie<\/h6>\n\n\n\n<p>Obecnie zamiast podstemplowanej ruiny, rozpadaj\u0105cej si\u0119 niczym &#8222;Dom Usher\u00f3w&#8221;, mamy co\u015b, co uparcie kojarzy mi si\u0119 ze \u015blubnym tortem. Takim waniliowym, budyniowym. Nawet go\u0142\u0105bki (cho\u0107 nie cukrowe) siedz\u0105 na g\u00f3rze\u2026 ;). Mimo, \u017ce od zako\u0144czenia prac remontowych min\u0119\u0142o tak niewiele czasu, na parterze, w kilku miejscach \u015bciany zdobi\u0105 \u017ca\u0142osne bazgro\u0142y. Wida\u0107 kto\u015b czu\u0142 si\u0119 nieswojo mijaj\u0105c czyst\u0105 fasad\u0119. Od strony podw\u00f3rza \u015bcianom si\u0119 najwyra\u017aniej upiek\u0142o &#8211; bazgro\u0142\u00f3w brak. Du\u017ce zdziwienie to niedzia\u0142aj\u0105cy domofon. M\u00f3wi\u0105c niedzia\u0142aj\u0105cy nie mam na my\u015bli chwilowej awarii. Zamek w drzwiach jest zdewastowany tak, by nie da\u0142o si\u0119 go nareperowa\u0107 inaczej, ni\u017c wymieniaj\u0105c ca\u0142y mechanizm. Tak wi\u0119c jest &#8222;otwarte ka\u017cdemu&#8221;.<\/p>\n\n\n\n<p>W sieni barwna posadzka prezentuje si\u0119 dostojnie.  Podobnie jak \u015bciany pokryte do po\u0142owy marmurem, a dalej pomalowane na kremowo. Efektowne stiuki i kasetony dope\u0142niaj\u0105 ca\u0142o\u015bci holu. I w\u0142a\u015bciwie mog\u0142abym udawa\u0107, \u017ce nie widz\u0119 \u0142uszcz\u0105cej si\u0119 w kilku miejscach farby. Jednak relief\u00f3w, jakie uczyni\u0142 jaki\u015b troglodyta na jednej ze \u015bcian, niestety nie da\u0142o si\u0119 nie zauwa\u017cy\u0107. Wielka szkoda :(. <\/p>\n\n\n\n<h6 class=\"has-vivid-red-color has-text-color wp-block-heading\">\u0141y\u017cka dziegciu<\/h6>\n\n\n\n<p>Dalej jest ju\u017c skromniej &#8211; drewniane schody pomalowano ciemnobr\u0105zow\u0105 farb\u0105. Gdzieniegdzie widoczne s\u0105 jeszcze rze\u017abione wsporniki por\u0119czy. W trakcie remontu w ca\u0142ej kamienicy wymieniono okna i prawdopodobnie dzi\u0119ki temu klatka schodowa sprawia bardzo schludne wra\u017cenie &#8211; jest czysto, jasno i\u2026 przewiewnie. Nie czuje si\u0119 tego charakterystycznego dla wielu kamienic zapachu zat\u0119ch\u0142ej wilgoci. Klatka schodowa jest &#8211; niestety! &#8211; niezwyk\u0142a tak\u017ce pod innym wzgl\u0119dem. Tak malowniczej dziury w \u015bcianie \u015bwie\u017co wyremontowanego budynku nie widzia\u0142am ju\u017c dawno.<\/p>\n\n\n\n<p>Po wyj\u015bciu z kamienicy mia\u0142am mieszane uczucia. Pi\u0119kny, okaza\u0142y budynek, \u015bwie\u017co po remoncie. I ju\u017c niszczeje&#8230; <\/p>\n\n\n\nngg_shortcode_0_placeholder\n\n\n\n<blockquote class=\"wp-block-quote is-layout-flow wp-block-quote-is-layout-flow\"><p><a href=\"http:\/\/mapy.google.pl\/maps\/ms?ie=UTF8&amp;hl=pl&amp;msa=0&amp;ll=51.088328,17.043303&amp;spn=0.002958,0.009645&amp;t=h&amp;z=17&amp;msid=115587650758912778739.0004875f6134002f1ba4a\" target=\"_blank\" rel=\"noreferrer noopener\"><strong>Wapienna 30<\/strong><\/a><br><br>Dzielnica: Krzyki<br>Osiedle: Huby<br>Ulica: Wapienna, dawniej: Galle Strasse &#8211; nazwana tak na cze\u015b\u0107 astronoma Johanna Gottfrieda Galle; bieg\u0142a niegdy\u015b od ulicy Glinianej do \u015alicznej. Do naszych czas\u00f3w przetrwa\u0142a jedynie jej \u015brodkowa cz\u0119\u015b\u0107.<\/p><\/blockquote>\n\n\n\n<p><\/p>\n","protected":false},"excerpt":{"rendered":"<p>Imponuj\u0105cych rozmiar\u00f3w kamienica naro\u017cna przy skrzy\u017cowaniu ulicy Wapiennej i \u015awi\u0119tego Jerzego przyci\u0105ga spojrzenia soczyst\u0105 kolorystyk\u0105 \u015bwie\u017co odnowionej elewacji. Budynek remontowano<\/p>\n","protected":false},"author":1,"featured_media":2999,"comment_status":"open","ping_status":"open","sticky":false,"template":"","format":"standard","meta":{"ngg_post_thumbnail":0,"footnotes":""},"categories":[143,157,155,50,194,24],"tags":[232],"class_list":["post-109","post","type-post","status-publish","format-standard","has-post-thumbnail","hentry","category-kasetony","category-narozna","category-odnowiona","category-stiuki","category-wapienna","category-wroclaw","tag-krzyki"],"yoast_head":"<!-- This site is optimized with the Yoast SEO plugin v25.1 - https:\/\/yoast.com\/wordpress\/plugins\/seo\/ -->\n<title>Wapienna 30 | Wroc\u0142awskie Kamienice<\/title>\n<meta name=\"description\" content=\"Wapienna 30 - imponuj\u0105cych rozmiar\u00f3w kamienica naro\u017cna przyci\u0105ga spojrzenia soczyst\u0105 kolorystyk\u0105 \u015bwie\u017co odnowionej elewacji.\" \/>\n<meta name=\"robots\" content=\"index, follow, max-snippet:-1, max-image-preview:large, max-video-preview:-1\" \/>\n<link rel=\"canonical\" href=\"https:\/\/wroclawskie-kamienice.pl\/index.php\/2010\/05\/25\/ul-wapienna-30\/\" \/>\n<meta property=\"og:locale\" content=\"pl_PL\" \/>\n<meta property=\"og:type\" content=\"article\" \/>\n<meta property=\"og:title\" content=\"Wapienna 30 | Wroc\u0142awskie Kamienice\" \/>\n<meta property=\"og:description\" content=\"Wapienna 30 - imponuj\u0105cych rozmiar\u00f3w kamienica naro\u017cna przyci\u0105ga spojrzenia soczyst\u0105 kolorystyk\u0105 \u015bwie\u017co odnowionej elewacji.\" \/>\n<meta property=\"og:url\" content=\"https:\/\/wroclawskie-kamienice.pl\/index.php\/2010\/05\/25\/ul-wapienna-30\/\" \/>\n<meta property=\"og:site_name\" content=\"Wroc\u0142awskie Kamienice\" \/>\n<meta property=\"article:publisher\" content=\"https:\/\/www.facebook.com\/wroclawskie.kamienice\" \/>\n<meta property=\"article:published_time\" content=\"2010-05-24T23:40:00+00:00\" \/>\n<meta property=\"article:modified_time\" content=\"2020-09-11T07:36:55+00:00\" \/>\n<meta property=\"og:image\" content=\"https:\/\/wroclawskie-kamienice.pl\/wp-content\/uploads\/2010\/05\/DSC_5068zoom-e1599722336120.jpg\" \/>\n\t<meta property=\"og:image:width\" content=\"1520\" \/>\n\t<meta property=\"og:image:height\" content=\"1028\" \/>\n\t<meta property=\"og:image:type\" content=\"image\/jpeg\" \/>\n<meta name=\"author\" content=\"Ewelina Kodzis\" \/>\n<meta name=\"twitter:card\" content=\"summary_large_image\" \/>\n<meta name=\"twitter:label1\" content=\"Napisane przez\" \/>\n\t<meta name=\"twitter:data1\" content=\"Ewelina Kodzis\" \/>\n\t<meta name=\"twitter:label2\" content=\"Szacowany czas czytania\" \/>\n\t<meta name=\"twitter:data2\" content=\"2 minuty\" \/>\n<script type=\"application\/ld+json\" class=\"yoast-schema-graph\">{\"@context\":\"https:\/\/schema.org\",\"@graph\":[{\"@type\":\"WebPage\",\"@id\":\"https:\/\/wroclawskie-kamienice.pl\/index.php\/2010\/05\/25\/ul-wapienna-30\/\",\"url\":\"https:\/\/wroclawskie-kamienice.pl\/index.php\/2010\/05\/25\/ul-wapienna-30\/\",\"name\":\"Wapienna 30 | Wroc\u0142awskie Kamienice\",\"isPartOf\":{\"@id\":\"https:\/\/wroclawskie-kamienice.pl\/#website\"},\"primaryImageOfPage\":{\"@id\":\"https:\/\/wroclawskie-kamienice.pl\/index.php\/2010\/05\/25\/ul-wapienna-30\/#primaryimage\"},\"image\":{\"@id\":\"https:\/\/wroclawskie-kamienice.pl\/index.php\/2010\/05\/25\/ul-wapienna-30\/#primaryimage\"},\"thumbnailUrl\":\"https:\/\/wroclawskie-kamienice.pl\/wp-content\/uploads\/2010\/05\/DSC_5068zoom-e1599722336120.jpg\",\"datePublished\":\"2010-05-24T23:40:00+00:00\",\"dateModified\":\"2020-09-11T07:36:55+00:00\",\"author\":{\"@id\":\"https:\/\/wroclawskie-kamienice.pl\/#\/schema\/person\/21fced558fdbcc1b64a74f1b4a21c592\"},\"description\":\"Wapienna 30 - imponuj\u0105cych rozmiar\u00f3w kamienica naro\u017cna przyci\u0105ga spojrzenia soczyst\u0105 kolorystyk\u0105 \u015bwie\u017co odnowionej elewacji.\",\"breadcrumb\":{\"@id\":\"https:\/\/wroclawskie-kamienice.pl\/index.php\/2010\/05\/25\/ul-wapienna-30\/#breadcrumb\"},\"inLanguage\":\"pl-PL\",\"potentialAction\":[{\"@type\":\"ReadAction\",\"target\":[\"https:\/\/wroclawskie-kamienice.pl\/index.php\/2010\/05\/25\/ul-wapienna-30\/\"]}]},{\"@type\":\"ImageObject\",\"inLanguage\":\"pl-PL\",\"@id\":\"https:\/\/wroclawskie-kamienice.pl\/index.php\/2010\/05\/25\/ul-wapienna-30\/#primaryimage\",\"url\":\"https:\/\/wroclawskie-kamienice.pl\/wp-content\/uploads\/2010\/05\/DSC_5068zoom-e1599722336120.jpg\",\"contentUrl\":\"https:\/\/wroclawskie-kamienice.pl\/wp-content\/uploads\/2010\/05\/DSC_5068zoom-e1599722336120.jpg\",\"width\":1520,\"height\":1028},{\"@type\":\"BreadcrumbList\",\"@id\":\"https:\/\/wroclawskie-kamienice.pl\/index.php\/2010\/05\/25\/ul-wapienna-30\/#breadcrumb\",\"itemListElement\":[{\"@type\":\"ListItem\",\"position\":1,\"name\":\"Strona g\u0142\u00f3wna\",\"item\":\"https:\/\/wroclawskie-kamienice.pl\/\"},{\"@type\":\"ListItem\",\"position\":2,\"name\":\"Wapienna 30\"}]},{\"@type\":\"WebSite\",\"@id\":\"https:\/\/wroclawskie-kamienice.pl\/#website\",\"url\":\"https:\/\/wroclawskie-kamienice.pl\/\",\"name\":\"Wroc\u0142awskie Kamienice\",\"description\":\"\",\"potentialAction\":[{\"@type\":\"SearchAction\",\"target\":{\"@type\":\"EntryPoint\",\"urlTemplate\":\"https:\/\/wroclawskie-kamienice.pl\/?s={search_term_string}\"},\"query-input\":{\"@type\":\"PropertyValueSpecification\",\"valueRequired\":true,\"valueName\":\"search_term_string\"}}],\"inLanguage\":\"pl-PL\"},{\"@type\":\"Person\",\"@id\":\"https:\/\/wroclawskie-kamienice.pl\/#\/schema\/person\/21fced558fdbcc1b64a74f1b4a21c592\",\"name\":\"Ewelina Kodzis\",\"image\":{\"@type\":\"ImageObject\",\"inLanguage\":\"pl-PL\",\"@id\":\"https:\/\/wroclawskie-kamienice.pl\/#\/schema\/person\/image\/\",\"url\":\"https:\/\/secure.gravatar.com\/avatar\/4a7fc5b2885261c85e300a114cd565425fbc799e1f433806465ee256fa1738c9?s=96&d=mm&r=g\",\"contentUrl\":\"https:\/\/secure.gravatar.com\/avatar\/4a7fc5b2885261c85e300a114cd565425fbc799e1f433806465ee256fa1738c9?s=96&d=mm&r=g\",\"caption\":\"Ewelina Kodzis\"},\"description\":\"Filologia, dziennikarstwo, grafika i blogowanie. Opr\u00f3cz tego Wroc\u0142aw, muzyka, jesie\u0144 i koty. P\u00f3\u017aniej dopiero ca\u0142a reszta.\",\"url\":\"https:\/\/wroclawskie-kamienice.pl\/index.php\/author\/admin6028\/\"}]}<\/script>\n<!-- \/ Yoast SEO plugin. -->","yoast_head_json":{"title":"Wapienna 30 | Wroc\u0142awskie Kamienice","description":"Wapienna 30 - imponuj\u0105cych rozmiar\u00f3w kamienica naro\u017cna przyci\u0105ga spojrzenia soczyst\u0105 kolorystyk\u0105 \u015bwie\u017co odnowionej elewacji.","robots":{"index":"index","follow":"follow","max-snippet":"max-snippet:-1","max-image-preview":"max-image-preview:large","max-video-preview":"max-video-preview:-1"},"canonical":"https:\/\/wroclawskie-kamienice.pl\/index.php\/2010\/05\/25\/ul-wapienna-30\/","og_locale":"pl_PL","og_type":"article","og_title":"Wapienna 30 | Wroc\u0142awskie Kamienice","og_description":"Wapienna 30 - imponuj\u0105cych rozmiar\u00f3w kamienica naro\u017cna przyci\u0105ga spojrzenia soczyst\u0105 kolorystyk\u0105 \u015bwie\u017co odnowionej elewacji.","og_url":"https:\/\/wroclawskie-kamienice.pl\/index.php\/2010\/05\/25\/ul-wapienna-30\/","og_site_name":"Wroc\u0142awskie Kamienice","article_publisher":"https:\/\/www.facebook.com\/wroclawskie.kamienice","article_published_time":"2010-05-24T23:40:00+00:00","article_modified_time":"2020-09-11T07:36:55+00:00","og_image":[{"width":1520,"height":1028,"url":"https:\/\/wroclawskie-kamienice.pl\/wp-content\/uploads\/2010\/05\/DSC_5068zoom-e1599722336120.jpg","type":"image\/jpeg"}],"author":"Ewelina Kodzis","twitter_card":"summary_large_image","twitter_misc":{"Napisane przez":"Ewelina Kodzis","Szacowany czas czytania":"2 minuty"},"schema":{"@context":"https:\/\/schema.org","@graph":[{"@type":"WebPage","@id":"https:\/\/wroclawskie-kamienice.pl\/index.php\/2010\/05\/25\/ul-wapienna-30\/","url":"https:\/\/wroclawskie-kamienice.pl\/index.php\/2010\/05\/25\/ul-wapienna-30\/","name":"Wapienna 30 | Wroc\u0142awskie Kamienice","isPartOf":{"@id":"https:\/\/wroclawskie-kamienice.pl\/#website"},"primaryImageOfPage":{"@id":"https:\/\/wroclawskie-kamienice.pl\/index.php\/2010\/05\/25\/ul-wapienna-30\/#primaryimage"},"image":{"@id":"https:\/\/wroclawskie-kamienice.pl\/index.php\/2010\/05\/25\/ul-wapienna-30\/#primaryimage"},"thumbnailUrl":"https:\/\/wroclawskie-kamienice.pl\/wp-content\/uploads\/2010\/05\/DSC_5068zoom-e1599722336120.jpg","datePublished":"2010-05-24T23:40:00+00:00","dateModified":"2020-09-11T07:36:55+00:00","author":{"@id":"https:\/\/wroclawskie-kamienice.pl\/#\/schema\/person\/21fced558fdbcc1b64a74f1b4a21c592"},"description":"Wapienna 30 - imponuj\u0105cych rozmiar\u00f3w kamienica naro\u017cna przyci\u0105ga spojrzenia soczyst\u0105 kolorystyk\u0105 \u015bwie\u017co odnowionej elewacji.","breadcrumb":{"@id":"https:\/\/wroclawskie-kamienice.pl\/index.php\/2010\/05\/25\/ul-wapienna-30\/#breadcrumb"},"inLanguage":"pl-PL","potentialAction":[{"@type":"ReadAction","target":["https:\/\/wroclawskie-kamienice.pl\/index.php\/2010\/05\/25\/ul-wapienna-30\/"]}]},{"@type":"ImageObject","inLanguage":"pl-PL","@id":"https:\/\/wroclawskie-kamienice.pl\/index.php\/2010\/05\/25\/ul-wapienna-30\/#primaryimage","url":"https:\/\/wroclawskie-kamienice.pl\/wp-content\/uploads\/2010\/05\/DSC_5068zoom-e1599722336120.jpg","contentUrl":"https:\/\/wroclawskie-kamienice.pl\/wp-content\/uploads\/2010\/05\/DSC_5068zoom-e1599722336120.jpg","width":1520,"height":1028},{"@type":"BreadcrumbList","@id":"https:\/\/wroclawskie-kamienice.pl\/index.php\/2010\/05\/25\/ul-wapienna-30\/#breadcrumb","itemListElement":[{"@type":"ListItem","position":1,"name":"Strona g\u0142\u00f3wna","item":"https:\/\/wroclawskie-kamienice.pl\/"},{"@type":"ListItem","position":2,"name":"Wapienna 30"}]},{"@type":"WebSite","@id":"https:\/\/wroclawskie-kamienice.pl\/#website","url":"https:\/\/wroclawskie-kamienice.pl\/","name":"Wroc\u0142awskie Kamienice","description":"","potentialAction":[{"@type":"SearchAction","target":{"@type":"EntryPoint","urlTemplate":"https:\/\/wroclawskie-kamienice.pl\/?s={search_term_string}"},"query-input":{"@type":"PropertyValueSpecification","valueRequired":true,"valueName":"search_term_string"}}],"inLanguage":"pl-PL"},{"@type":"Person","@id":"https:\/\/wroclawskie-kamienice.pl\/#\/schema\/person\/21fced558fdbcc1b64a74f1b4a21c592","name":"Ewelina Kodzis","image":{"@type":"ImageObject","inLanguage":"pl-PL","@id":"https:\/\/wroclawskie-kamienice.pl\/#\/schema\/person\/image\/","url":"https:\/\/secure.gravatar.com\/avatar\/4a7fc5b2885261c85e300a114cd565425fbc799e1f433806465ee256fa1738c9?s=96&d=mm&r=g","contentUrl":"https:\/\/secure.gravatar.com\/avatar\/4a7fc5b2885261c85e300a114cd565425fbc799e1f433806465ee256fa1738c9?s=96&d=mm&r=g","caption":"Ewelina Kodzis"},"description":"Filologia, dziennikarstwo, grafika i blogowanie. Opr\u00f3cz tego Wroc\u0142aw, muzyka, jesie\u0144 i koty. P\u00f3\u017aniej dopiero ca\u0142a reszta.","url":"https:\/\/wroclawskie-kamienice.pl\/index.php\/author\/admin6028\/"}]}},"_links":{"self":[{"href":"https:\/\/wroclawskie-kamienice.pl\/index.php\/wp-json\/wp\/v2\/posts\/109","targetHints":{"allow":["GET"]}}],"collection":[{"href":"https:\/\/wroclawskie-kamienice.pl\/index.php\/wp-json\/wp\/v2\/posts"}],"about":[{"href":"https:\/\/wroclawskie-kamienice.pl\/index.php\/wp-json\/wp\/v2\/types\/post"}],"author":[{"embeddable":true,"href":"https:\/\/wroclawskie-kamienice.pl\/index.php\/wp-json\/wp\/v2\/users\/1"}],"replies":[{"embeddable":true,"href":"https:\/\/wroclawskie-kamienice.pl\/index.php\/wp-json\/wp\/v2\/comments?post=109"}],"version-history":[{"count":4,"href":"https:\/\/wroclawskie-kamienice.pl\/index.php\/wp-json\/wp\/v2\/posts\/109\/revisions"}],"predecessor-version":[{"id":3055,"href":"https:\/\/wroclawskie-kamienice.pl\/index.php\/wp-json\/wp\/v2\/posts\/109\/revisions\/3055"}],"wp:featuredmedia":[{"embeddable":true,"href":"https:\/\/wroclawskie-kamienice.pl\/index.php\/wp-json\/wp\/v2\/media\/2999"}],"wp:attachment":[{"href":"https:\/\/wroclawskie-kamienice.pl\/index.php\/wp-json\/wp\/v2\/media?parent=109"}],"wp:term":[{"taxonomy":"category","embeddable":true,"href":"https:\/\/wroclawskie-kamienice.pl\/index.php\/wp-json\/wp\/v2\/categories?post=109"},{"taxonomy":"post_tag","embeddable":true,"href":"https:\/\/wroclawskie-kamienice.pl\/index.php\/wp-json\/wp\/v2\/tags?post=109"}],"curies":[{"name":"wp","href":"https:\/\/api.w.org\/{rel}","templated":true}]}}