{"id":110,"date":"2010-05-23T03:20:00","date_gmt":"2010-05-23T01:20:00","guid":{"rendered":"http:\/\/wroclawskie-kamienice.pl\/index.php\/2010\/05\/23\/informacyjnie-organizacyjnie-i-tytulem-wstepu\/"},"modified":"2020-09-10T10:11:06","modified_gmt":"2020-09-10T08:11:06","slug":"informacyjnie-organizacyjnie-i-tytulem-wstepu","status":"publish","type":"post","link":"https:\/\/wroclawskie-kamienice.pl\/index.php\/2010\/05\/23\/informacyjnie-organizacyjnie-i-tytulem-wstepu\/","title":{"rendered":"Informacyjnie, organizacyjnie i tytu\u0142em wst\u0119pu"},"content":{"rendered":"\n<h2 class=\"has-cyan-bluish-gray-color has-text-color wp-block-heading\">Witam serdecznie na moim blogu!<\/h2>\n\n\n\n<p>Licz\u0119, \u017ce uda mi si\u0119 stworzy\u0107 tutaj co\u015b na kszta\u0142t subiektywnego przegl\u0105du wroc\u0142awskich kamienic. Postaram si\u0119 w miar\u0119 mo\u017cliwo\u015bci zdobywa\u0107 najdok\u0142adniejsze informacje o historii budynk\u00f3w, a tak\u017ce o tym, co dopiero je czeka. Opr\u00f3cz tego, ka\u017cda z opisywanych tutaj kamienic b\u0119dzie mia\u0142a swoj\u0105 mini-galeri\u0119 &#8211; dla oddania tego, co nieopisywalne ;). Zdaj\u0119 sobie spraw\u0119 z faktu, \u017ce kamienic we Wroc\u0142awiu jest, delikatnie m\u00f3wi\u0105c\u2026 du\u017co. I \u017ce  szczeg\u00f3\u0142owe opisanie i obfotografowanie ich nie b\u0119dzie \u0142atwym zadaniem. Jednak skoro tak cz\u0119sto do nich zagl\u0105dam, a podziwianie ich pi\u0119kna daje mi tyle rado\u015bci &#8211; czuj\u0119 si\u0119 w obowi\u0105zku da\u0107 od siebie co\u015b w zamian.<\/p>\n\n\n\n<p>Moj\u0105 dzia\u0142alno\u015b\u0107 rozpocz\u0119\u0142am raczej nietypowo, bo nie od Starego Miasta i nie od najs\u0142ynniejszych wroc\u0142awskich pere\u0142ek czynszowych. Ale spokojnie\u2026 Na ka\u017cdego przyjdzie pora. \ud83d\ude09<\/p>\n\n\n\n<p>Zach\u0119cam do odwiedzania mojej <a href=\"http:\/\/www.wroclawskie-kamienice.pl\" target=\"_blank\" rel=\"noreferrer noopener\">strony<\/a> &#8211; kolejne aktualizacje ju\u017c niebawem.<\/p>\n\n\n\n<figure class=\"wp-block-image size-large\"><img loading=\"lazy\" decoding=\"async\" width=\"1024\" height=\"671\" src=\"http:\/\/wroclawskie-kamienice.pl\/wp-content\/uploads\/2020\/09\/old-town-5062333-1024x671.jpg\" alt=\"\" class=\"wp-image-3006\" srcset=\"https:\/\/wroclawskie-kamienice.pl\/wp-content\/uploads\/2020\/09\/old-town-5062333-1024x671.jpg 1024w, https:\/\/wroclawskie-kamienice.pl\/wp-content\/uploads\/2020\/09\/old-town-5062333-300x197.jpg 300w, https:\/\/wroclawskie-kamienice.pl\/wp-content\/uploads\/2020\/09\/old-town-5062333-768x504.jpg 768w, https:\/\/wroclawskie-kamienice.pl\/wp-content\/uploads\/2020\/09\/old-town-5062333-1536x1007.jpg 1536w, https:\/\/wroclawskie-kamienice.pl\/wp-content\/uploads\/2020\/09\/old-town-5062333-2048x1343.jpg 2048w\" sizes=\"auto, (max-width: 1024px) 100vw, 1024px\" \/><\/figure>\n","protected":false},"excerpt":{"rendered":"<p>Witam serdecznie na moim blogu! Licz\u0119, \u017ce uda mi si\u0119 stworzy\u0107 tutaj co\u015b na kszta\u0142t subiektywnego przegl\u0105du wroc\u0142awskich kamienic. Postaram<\/p>\n","protected":false},"author":1,"featured_media":3004,"comment_status":"open","ping_status":"open","sticky":false,"template":"","format":"standard","meta":{"ngg_post_thumbnail":0,"footnotes":""},"categories":[199,200,3],"tags":[],"class_list":["post-110","post","type-post","status-publish","format-standard","has-post-thumbnail","hentry","category-plany","category-poczatek","category-tak-od-serca"],"yoast_head":"<!-- This site is optimized with the Yoast SEO plugin v25.1 - https:\/\/yoast.com\/wordpress\/plugins\/seo\/ -->\n<title>Informacyjnie, organizacyjnie i tytu\u0142em wst\u0119pu | Wroc\u0142awskie Kamienice<\/title>\n<meta name=\"description\" content=\"Wroc\u0142awskie kamienice - blog o czynsz\u00f3wkach z czas\u00f3w dawnego Breslau. Historia, architektura, ludzkie losy, zdj\u0119cia.\" \/>\n<meta name=\"robots\" content=\"index, follow, max-snippet:-1, max-image-preview:large, max-video-preview:-1\" \/>\n<link rel=\"canonical\" href=\"https:\/\/wroclawskie-kamienice.pl\/index.php\/2010\/05\/23\/informacyjnie-organizacyjnie-i-tytulem-wstepu\/\" \/>\n<meta property=\"og:locale\" content=\"pl_PL\" \/>\n<meta property=\"og:type\" content=\"article\" \/>\n<meta property=\"og:title\" content=\"Informacyjnie, organizacyjnie i tytu\u0142em wst\u0119pu | Wroc\u0142awskie Kamienice\" \/>\n<meta property=\"og:description\" content=\"Wroc\u0142awskie kamienice - blog o czynsz\u00f3wkach z czas\u00f3w dawnego Breslau. Historia, architektura, ludzkie losy, zdj\u0119cia.\" \/>\n<meta property=\"og:url\" content=\"https:\/\/wroclawskie-kamienice.pl\/index.php\/2010\/05\/23\/informacyjnie-organizacyjnie-i-tytulem-wstepu\/\" \/>\n<meta property=\"og:site_name\" content=\"Wroc\u0142awskie Kamienice\" \/>\n<meta property=\"article:publisher\" content=\"https:\/\/www.facebook.com\/wroclawskie.kamienice\" \/>\n<meta property=\"article:published_time\" content=\"2010-05-23T01:20:00+00:00\" \/>\n<meta property=\"article:modified_time\" content=\"2020-09-10T08:11:06+00:00\" \/>\n<meta property=\"og:image\" content=\"https:\/\/wroclawskie-kamienice.pl\/wp-content\/uploads\/2010\/05\/laptop-4906312-scaled.jpg\" \/>\n\t<meta property=\"og:image:width\" content=\"2560\" \/>\n\t<meta property=\"og:image:height\" content=\"1707\" \/>\n\t<meta property=\"og:image:type\" content=\"image\/jpeg\" \/>\n<meta name=\"author\" content=\"Ewelina Kodzis\" \/>\n<meta name=\"twitter:card\" content=\"summary_large_image\" \/>\n<meta name=\"twitter:label1\" content=\"Napisane przez\" \/>\n\t<meta name=\"twitter:data1\" content=\"Ewelina Kodzis\" \/>\n\t<meta name=\"twitter:label2\" content=\"Szacowany czas czytania\" \/>\n\t<meta name=\"twitter:data2\" content=\"1 minuta\" \/>\n<script type=\"application\/ld+json\" class=\"yoast-schema-graph\">{\"@context\":\"https:\/\/schema.org\",\"@graph\":[{\"@type\":\"WebPage\",\"@id\":\"https:\/\/wroclawskie-kamienice.pl\/index.php\/2010\/05\/23\/informacyjnie-organizacyjnie-i-tytulem-wstepu\/\",\"url\":\"https:\/\/wroclawskie-kamienice.pl\/index.php\/2010\/05\/23\/informacyjnie-organizacyjnie-i-tytulem-wstepu\/\",\"name\":\"Informacyjnie, organizacyjnie i tytu\u0142em wst\u0119pu | Wroc\u0142awskie Kamienice\",\"isPartOf\":{\"@id\":\"https:\/\/wroclawskie-kamienice.pl\/#website\"},\"primaryImageOfPage\":{\"@id\":\"https:\/\/wroclawskie-kamienice.pl\/index.php\/2010\/05\/23\/informacyjnie-organizacyjnie-i-tytulem-wstepu\/#primaryimage\"},\"image\":{\"@id\":\"https:\/\/wroclawskie-kamienice.pl\/index.php\/2010\/05\/23\/informacyjnie-organizacyjnie-i-tytulem-wstepu\/#primaryimage\"},\"thumbnailUrl\":\"https:\/\/wroclawskie-kamienice.pl\/wp-content\/uploads\/2010\/05\/laptop-4906312-scaled.jpg\",\"datePublished\":\"2010-05-23T01:20:00+00:00\",\"dateModified\":\"2020-09-10T08:11:06+00:00\",\"author\":{\"@id\":\"https:\/\/wroclawskie-kamienice.pl\/#\/schema\/person\/21fced558fdbcc1b64a74f1b4a21c592\"},\"description\":\"Wroc\u0142awskie kamienice - blog o czynsz\u00f3wkach z czas\u00f3w dawnego Breslau. Historia, architektura, ludzkie losy, zdj\u0119cia.\",\"breadcrumb\":{\"@id\":\"https:\/\/wroclawskie-kamienice.pl\/index.php\/2010\/05\/23\/informacyjnie-organizacyjnie-i-tytulem-wstepu\/#breadcrumb\"},\"inLanguage\":\"pl-PL\",\"potentialAction\":[{\"@type\":\"ReadAction\",\"target\":[\"https:\/\/wroclawskie-kamienice.pl\/index.php\/2010\/05\/23\/informacyjnie-organizacyjnie-i-tytulem-wstepu\/\"]}]},{\"@type\":\"ImageObject\",\"inLanguage\":\"pl-PL\",\"@id\":\"https:\/\/wroclawskie-kamienice.pl\/index.php\/2010\/05\/23\/informacyjnie-organizacyjnie-i-tytulem-wstepu\/#primaryimage\",\"url\":\"https:\/\/wroclawskie-kamienice.pl\/wp-content\/uploads\/2010\/05\/laptop-4906312-scaled.jpg\",\"contentUrl\":\"https:\/\/wroclawskie-kamienice.pl\/wp-content\/uploads\/2010\/05\/laptop-4906312-scaled.jpg\",\"width\":2560,\"height\":1707},{\"@type\":\"BreadcrumbList\",\"@id\":\"https:\/\/wroclawskie-kamienice.pl\/index.php\/2010\/05\/23\/informacyjnie-organizacyjnie-i-tytulem-wstepu\/#breadcrumb\",\"itemListElement\":[{\"@type\":\"ListItem\",\"position\":1,\"name\":\"Strona g\u0142\u00f3wna\",\"item\":\"https:\/\/wroclawskie-kamienice.pl\/\"},{\"@type\":\"ListItem\",\"position\":2,\"name\":\"Informacyjnie, organizacyjnie i&nbsp;tytu\u0142em wst\u0119pu\"}]},{\"@type\":\"WebSite\",\"@id\":\"https:\/\/wroclawskie-kamienice.pl\/#website\",\"url\":\"https:\/\/wroclawskie-kamienice.pl\/\",\"name\":\"Wroc\u0142awskie Kamienice\",\"description\":\"\",\"potentialAction\":[{\"@type\":\"SearchAction\",\"target\":{\"@type\":\"EntryPoint\",\"urlTemplate\":\"https:\/\/wroclawskie-kamienice.pl\/?s={search_term_string}\"},\"query-input\":{\"@type\":\"PropertyValueSpecification\",\"valueRequired\":true,\"valueName\":\"search_term_string\"}}],\"inLanguage\":\"pl-PL\"},{\"@type\":\"Person\",\"@id\":\"https:\/\/wroclawskie-kamienice.pl\/#\/schema\/person\/21fced558fdbcc1b64a74f1b4a21c592\",\"name\":\"Ewelina Kodzis\",\"image\":{\"@type\":\"ImageObject\",\"inLanguage\":\"pl-PL\",\"@id\":\"https:\/\/wroclawskie-kamienice.pl\/#\/schema\/person\/image\/\",\"url\":\"https:\/\/secure.gravatar.com\/avatar\/4a7fc5b2885261c85e300a114cd565425fbc799e1f433806465ee256fa1738c9?s=96&d=mm&r=g\",\"contentUrl\":\"https:\/\/secure.gravatar.com\/avatar\/4a7fc5b2885261c85e300a114cd565425fbc799e1f433806465ee256fa1738c9?s=96&d=mm&r=g\",\"caption\":\"Ewelina Kodzis\"},\"description\":\"Filologia, dziennikarstwo, grafika i blogowanie. Opr\u00f3cz tego Wroc\u0142aw, muzyka, jesie\u0144 i koty. P\u00f3\u017aniej dopiero ca\u0142a reszta.\",\"url\":\"https:\/\/wroclawskie-kamienice.pl\/index.php\/author\/admin6028\/\"}]}<\/script>\n<!-- \/ Yoast SEO plugin. -->","yoast_head_json":{"title":"Informacyjnie, organizacyjnie i tytu\u0142em wst\u0119pu | Wroc\u0142awskie Kamienice","description":"Wroc\u0142awskie kamienice - blog o czynsz\u00f3wkach z czas\u00f3w dawnego Breslau. Historia, architektura, ludzkie losy, zdj\u0119cia.","robots":{"index":"index","follow":"follow","max-snippet":"max-snippet:-1","max-image-preview":"max-image-preview:large","max-video-preview":"max-video-preview:-1"},"canonical":"https:\/\/wroclawskie-kamienice.pl\/index.php\/2010\/05\/23\/informacyjnie-organizacyjnie-i-tytulem-wstepu\/","og_locale":"pl_PL","og_type":"article","og_title":"Informacyjnie, organizacyjnie i tytu\u0142em wst\u0119pu | Wroc\u0142awskie Kamienice","og_description":"Wroc\u0142awskie kamienice - blog o czynsz\u00f3wkach z czas\u00f3w dawnego Breslau. Historia, architektura, ludzkie losy, zdj\u0119cia.","og_url":"https:\/\/wroclawskie-kamienice.pl\/index.php\/2010\/05\/23\/informacyjnie-organizacyjnie-i-tytulem-wstepu\/","og_site_name":"Wroc\u0142awskie Kamienice","article_publisher":"https:\/\/www.facebook.com\/wroclawskie.kamienice","article_published_time":"2010-05-23T01:20:00+00:00","article_modified_time":"2020-09-10T08:11:06+00:00","og_image":[{"width":2560,"height":1707,"url":"https:\/\/wroclawskie-kamienice.pl\/wp-content\/uploads\/2010\/05\/laptop-4906312-scaled.jpg","type":"image\/jpeg"}],"author":"Ewelina Kodzis","twitter_card":"summary_large_image","twitter_misc":{"Napisane przez":"Ewelina Kodzis","Szacowany czas czytania":"1 minuta"},"schema":{"@context":"https:\/\/schema.org","@graph":[{"@type":"WebPage","@id":"https:\/\/wroclawskie-kamienice.pl\/index.php\/2010\/05\/23\/informacyjnie-organizacyjnie-i-tytulem-wstepu\/","url":"https:\/\/wroclawskie-kamienice.pl\/index.php\/2010\/05\/23\/informacyjnie-organizacyjnie-i-tytulem-wstepu\/","name":"Informacyjnie, organizacyjnie i tytu\u0142em wst\u0119pu | Wroc\u0142awskie Kamienice","isPartOf":{"@id":"https:\/\/wroclawskie-kamienice.pl\/#website"},"primaryImageOfPage":{"@id":"https:\/\/wroclawskie-kamienice.pl\/index.php\/2010\/05\/23\/informacyjnie-organizacyjnie-i-tytulem-wstepu\/#primaryimage"},"image":{"@id":"https:\/\/wroclawskie-kamienice.pl\/index.php\/2010\/05\/23\/informacyjnie-organizacyjnie-i-tytulem-wstepu\/#primaryimage"},"thumbnailUrl":"https:\/\/wroclawskie-kamienice.pl\/wp-content\/uploads\/2010\/05\/laptop-4906312-scaled.jpg","datePublished":"2010-05-23T01:20:00+00:00","dateModified":"2020-09-10T08:11:06+00:00","author":{"@id":"https:\/\/wroclawskie-kamienice.pl\/#\/schema\/person\/21fced558fdbcc1b64a74f1b4a21c592"},"description":"Wroc\u0142awskie kamienice - blog o czynsz\u00f3wkach z czas\u00f3w dawnego Breslau. Historia, architektura, ludzkie losy, zdj\u0119cia.","breadcrumb":{"@id":"https:\/\/wroclawskie-kamienice.pl\/index.php\/2010\/05\/23\/informacyjnie-organizacyjnie-i-tytulem-wstepu\/#breadcrumb"},"inLanguage":"pl-PL","potentialAction":[{"@type":"ReadAction","target":["https:\/\/wroclawskie-kamienice.pl\/index.php\/2010\/05\/23\/informacyjnie-organizacyjnie-i-tytulem-wstepu\/"]}]},{"@type":"ImageObject","inLanguage":"pl-PL","@id":"https:\/\/wroclawskie-kamienice.pl\/index.php\/2010\/05\/23\/informacyjnie-organizacyjnie-i-tytulem-wstepu\/#primaryimage","url":"https:\/\/wroclawskie-kamienice.pl\/wp-content\/uploads\/2010\/05\/laptop-4906312-scaled.jpg","contentUrl":"https:\/\/wroclawskie-kamienice.pl\/wp-content\/uploads\/2010\/05\/laptop-4906312-scaled.jpg","width":2560,"height":1707},{"@type":"BreadcrumbList","@id":"https:\/\/wroclawskie-kamienice.pl\/index.php\/2010\/05\/23\/informacyjnie-organizacyjnie-i-tytulem-wstepu\/#breadcrumb","itemListElement":[{"@type":"ListItem","position":1,"name":"Strona g\u0142\u00f3wna","item":"https:\/\/wroclawskie-kamienice.pl\/"},{"@type":"ListItem","position":2,"name":"Informacyjnie, organizacyjnie i&nbsp;tytu\u0142em wst\u0119pu"}]},{"@type":"WebSite","@id":"https:\/\/wroclawskie-kamienice.pl\/#website","url":"https:\/\/wroclawskie-kamienice.pl\/","name":"Wroc\u0142awskie Kamienice","description":"","potentialAction":[{"@type":"SearchAction","target":{"@type":"EntryPoint","urlTemplate":"https:\/\/wroclawskie-kamienice.pl\/?s={search_term_string}"},"query-input":{"@type":"PropertyValueSpecification","valueRequired":true,"valueName":"search_term_string"}}],"inLanguage":"pl-PL"},{"@type":"Person","@id":"https:\/\/wroclawskie-kamienice.pl\/#\/schema\/person\/21fced558fdbcc1b64a74f1b4a21c592","name":"Ewelina Kodzis","image":{"@type":"ImageObject","inLanguage":"pl-PL","@id":"https:\/\/wroclawskie-kamienice.pl\/#\/schema\/person\/image\/","url":"https:\/\/secure.gravatar.com\/avatar\/4a7fc5b2885261c85e300a114cd565425fbc799e1f433806465ee256fa1738c9?s=96&d=mm&r=g","contentUrl":"https:\/\/secure.gravatar.com\/avatar\/4a7fc5b2885261c85e300a114cd565425fbc799e1f433806465ee256fa1738c9?s=96&d=mm&r=g","caption":"Ewelina Kodzis"},"description":"Filologia, dziennikarstwo, grafika i blogowanie. Opr\u00f3cz tego Wroc\u0142aw, muzyka, jesie\u0144 i koty. P\u00f3\u017aniej dopiero ca\u0142a reszta.","url":"https:\/\/wroclawskie-kamienice.pl\/index.php\/author\/admin6028\/"}]}},"_links":{"self":[{"href":"https:\/\/wroclawskie-kamienice.pl\/index.php\/wp-json\/wp\/v2\/posts\/110","targetHints":{"allow":["GET"]}}],"collection":[{"href":"https:\/\/wroclawskie-kamienice.pl\/index.php\/wp-json\/wp\/v2\/posts"}],"about":[{"href":"https:\/\/wroclawskie-kamienice.pl\/index.php\/wp-json\/wp\/v2\/types\/post"}],"author":[{"embeddable":true,"href":"https:\/\/wroclawskie-kamienice.pl\/index.php\/wp-json\/wp\/v2\/users\/1"}],"replies":[{"embeddable":true,"href":"https:\/\/wroclawskie-kamienice.pl\/index.php\/wp-json\/wp\/v2\/comments?post=110"}],"version-history":[{"count":2,"href":"https:\/\/wroclawskie-kamienice.pl\/index.php\/wp-json\/wp\/v2\/posts\/110\/revisions"}],"predecessor-version":[{"id":3008,"href":"https:\/\/wroclawskie-kamienice.pl\/index.php\/wp-json\/wp\/v2\/posts\/110\/revisions\/3008"}],"wp:featuredmedia":[{"embeddable":true,"href":"https:\/\/wroclawskie-kamienice.pl\/index.php\/wp-json\/wp\/v2\/media\/3004"}],"wp:attachment":[{"href":"https:\/\/wroclawskie-kamienice.pl\/index.php\/wp-json\/wp\/v2\/media?parent=110"}],"wp:term":[{"taxonomy":"category","embeddable":true,"href":"https:\/\/wroclawskie-kamienice.pl\/index.php\/wp-json\/wp\/v2\/categories?post=110"},{"taxonomy":"post_tag","embeddable":true,"href":"https:\/\/wroclawskie-kamienice.pl\/index.php\/wp-json\/wp\/v2\/tags?post=110"}],"curies":[{"name":"wp","href":"https:\/\/api.w.org\/{rel}","templated":true}]}}