{"id":2350,"date":"2020-06-13T08:30:00","date_gmt":"2020-06-13T06:30:00","guid":{"rendered":"http:\/\/wroclawskie-kamienice.pl\/?p=2350"},"modified":"2020-06-12T21:44:19","modified_gmt":"2020-06-12T19:44:19","slug":"do-poczytania-wroclawskie-wille-i-osiedla-willowe-doby-historyzmu","status":"publish","type":"post","link":"https:\/\/wroclawskie-kamienice.pl\/index.php\/2020\/06\/13\/do-poczytania-wroclawskie-wille-i-osiedla-willowe-doby-historyzmu\/","title":{"rendered":"Do poczytania: &#8222;Wroc\u0142awskie wille i osiedla willowe doby historyzmu&#8221;"},"content":{"rendered":"\n<p>W ramach dzia\u0142alno\u015bci Wroc\u0142awskich Kamienic b\u0119dziemy wynajdywa\u0107 dla Was ksi\u0105\u017cki, kt\u00f3re mog\u0105 zainteresowa\u0107 mi\u0142o\u015bnik\u00f3w wroc\u0142awskiej architektury. Pisa\u0142am ju\u017c kiedy\u015b o dw\u00f3ch \u015bwietnych publikacjach Beaty Maciejewskiej: <a rel=\"noreferrer noopener\" href=\"https:\/\/wroclawskie-kamienice.pl\/index.php\/2015\/09\/14\/spacerownik-wroclawski-2\/\" target=\"_blank\">&#8222;Spacerownik Wroc\u0142awski 2&#8221;<\/a> oraz <a rel=\"noreferrer noopener\" href=\"https:\/\/wroclawskie-kamienice.pl\/index.php\/2013\/07\/11\/szczegolny-wroclaw\/\" target=\"_blank\">&#8222;Wroc\u0142aw tkwi w szczeg\u00f3\u0142ach&#8221;<\/a>. Dzi\u015b pora na ksi\u0105\u017ck\u0119, kt\u00f3r\u0105 dosta\u0142am na os\u0142od\u0119 covidowych czas\u00f3w zarazy. \u201eWroc\u0142awskie wille i osiedla willowe doby historyzmu\u201d pani dr hab. Agnieszki Tomaszewicz. I wiecie co?  Pomog\u0142a! Dzi\u0119ki szczeg\u00f3\u0142owym opisom, wspania\u0142ym zdj\u0119ciom (niezawodny pan Stanis\u0142aw Klimek) oraz planom i projektom mia\u0142am wra\u017cenie, \u017ce zwiedzam to wszystko osobi\u015bcie. <\/p>\n\n\n\n<figure class=\"wp-block-image size-large is-resized\"><img loading=\"lazy\" decoding=\"async\" src=\"http:\/\/wroclawskie-kamienice.pl\/wp-content\/uploads\/2020\/06\/IMG_20200612_171429-1024x759.jpg\" alt=\"\" class=\"wp-image-2357\" width=\"1136\" height=\"842\" srcset=\"https:\/\/wroclawskie-kamienice.pl\/wp-content\/uploads\/2020\/06\/IMG_20200612_171429-1024x759.jpg 1024w, https:\/\/wroclawskie-kamienice.pl\/wp-content\/uploads\/2020\/06\/IMG_20200612_171429-300x222.jpg 300w, https:\/\/wroclawskie-kamienice.pl\/wp-content\/uploads\/2020\/06\/IMG_20200612_171429-768x569.jpg 768w, https:\/\/wroclawskie-kamienice.pl\/wp-content\/uploads\/2020\/06\/IMG_20200612_171429.jpg 1241w\" sizes=\"auto, (max-width: 1136px) 100vw, 1136px\" \/><figcaption>Agnieszka Tomaszewicz &#8222;Wroc\u0142awskie wille i osiedla willowe doby historyzmu&#8221;<\/figcaption><\/figure>\n\n\n\n<h6 class=\"has-vivid-red-color has-text-color wp-block-heading\">Willowy katalog<\/h6>\n\n\n\n<p>Ksi\u0105\u017cka ta to zbi\u00f3r 127 wroc\u0142awskich willi \u2013 65 zachowanych i 62 ju\u017c nieistniej\u0105cych. Architekta i historyczka architektury z Politechniki Wroc\u0142awskiej przygotowa\u0142a dla czytelnik\u00f3w ok. 200 stron stron dotycz\u0105cych nurt\u00f3w stylowych obecnych w architekturze willowej Breslau, ale r\u00f3wnie\u017c przybli\u017cy\u0142a zwi\u0105zane z tematem przepisy prawne i koncepcje rozplanowania przestrzennego budynk\u00f3w. Po tym bogatym \u201ewyk\u0142adzie\u201d czytelnik dostaje prawie 300 kolejnych stron swoistego katalogu willi dawnego Wroc\u0142awia. Wille u\u0142o\u017cone s\u0105 alfabetycznie, wed\u0142ug ulic, przy kt\u00f3rych si\u0119 znajduj\u0105 lub znajdowa\u0142y. Ka\u017cda opisana jest wed\u0142ug tego samego schematu \u2013 dane adresowe, a nast\u0119pnie w miar\u0119 mo\u017cliwo\u015bci nazwisko inwestora, projektanta lub wykonawcy, data powstania budynku i jego wa\u017cniejszych przebud\u00f3w do 1945 roku. Znalaz\u0142o si\u0119 miejsce na rzuty, projekty np. elewacji, a niekiedy mo\u017cna dowiedzie\u0107 si\u0119 czego\u015b o w\u0142a\u015bcicielu. Wille nadal istniej\u0105ce s\u0105 dodatkowo sfotografowane w stanie obecnym.<\/p>\n\n\n\n<h6 class=\"has-vivid-red-color has-text-color wp-block-heading\">Jak ze sn\u00f3w<\/h6>\n\n\n\n<p>O tym, jak obrazoburczo to wszystko dzia\u0142a, niech \u015bwiadczy fakt, \u017ce nieistniej\u0105ca ju\u017c willa z Akacjowej 16&#8230; po prostu mi si\u0119 przy\u015bni\u0142a. Malowniczy projekt z 1900 roku, neorenesansowy budynek z\u0142o\u017cony z kilku bry\u0142 r\u00f3\u017cnej wysoko\u015bci, wie\u017ce, wykusze, loggie&#8230; No i te okna! Ka\u017cde troch\u0119 inne. Z lup\u0105 ogl\u0105da\u0142am rysunki. Zawsze by\u0142am pe\u0142na uznania dla architekt\u00f3w, kt\u00f3rzy potrafili zaprojektowa\u0107 co\u015b tak pozornie szalonego, a jednocze\u015bnie  niepowoduj\u0105cego b\u00f3lu z\u0119b\u00f3w. Ta willa by\u0142a po prostu bajkowa. Mam nadziej\u0119, \u017ce w kolejnym \u015bnie b\u0119d\u0119 zwiedza\u0107 jej wn\u0119trza. \ud83d\ude09<\/p>\n\n\n\n<figure class=\"wp-block-image size-full is-resized\"><img loading=\"lazy\" decoding=\"async\" src=\"http:\/\/wroclawskie-kamienice.pl\/wp-content\/uploads\/2020\/06\/Akacjowa.jpg\" alt=\"&quot;Wroc\u0142awskie wille i osiedla willowe doby historyzmu&quot;\" class=\"wp-image-2355\" width=\"1136\" height=\"867\" srcset=\"https:\/\/wroclawskie-kamienice.pl\/wp-content\/uploads\/2020\/06\/Akacjowa.jpg 966w, https:\/\/wroclawskie-kamienice.pl\/wp-content\/uploads\/2020\/06\/Akacjowa-300x229.jpg 300w, https:\/\/wroclawskie-kamienice.pl\/wp-content\/uploads\/2020\/06\/Akacjowa-768x587.jpg 768w\" sizes=\"auto, (max-width: 1136px) 100vw, 1136px\" \/><figcaption>Willa przy ul. Akacjowej 16 (projekt udost\u0119pniony przez Muzeum Architektury we Wroc\u0142awiu)<\/figcaption><\/figure>\n\n\n\n<h6 class=\"wp-block-heading\">Gipsowe lwy<\/h6>\n\n\n\n<blockquote class=\"wp-block-quote is-layout-flow wp-block-quote-is-layout-flow\"><p>&#8222;W dobie przemys\u0142owej mieszkanie w osiedlach podmiejskich stanowi\u0142o po\u017c\u0105dan\u0105 alternatyw\u0119 dla \u017cycia w miastach, kt\u00f3re postrzegano jako miejsca nieprzyjazne, niezdrowe i pozbawione zieleni. Ponadczasowa okaza\u0142a si\u0119 ideologia, kt\u00f3ra wi\u0105za\u0142a will\u0119 z utopi\u0105 wergilia\u0144skiej Arkadii, ch\u0119tnie uto\u017csamian\u0105 w XIX wieku w niemieckim obszarze kulturowym z mieszcza\u0144skim idea\u0142em \u017cycia rodzinnego, kt\u00f3re zamkni\u0119to w zaciszu domowym po rozdzieleniu strefy publicznej (miejsce pracy) i prywatnej (mieszkanie) na pocz\u0105tku epoki przemys\u0142owej. Wille sta\u0142y si\u0119 symbolem emancypacji mieszcza\u0144stwa, zosta\u0142y bowiem \u201ezapo\u017cyczone\u201d ze \u015bwiata arystokracji, a ich dziewi\u0119tnastowieczna ewolucja ilustrowa\u0142a wzrost znaczenia i zamo\u017cno\u015bci nowej klasy \u015bredniej&#8221;.<\/p><\/blockquote>\n\n\n\n<p>Czy co\u015b si\u0119 zmieni\u0142o? Metra\u017c, z pewno\u015bci\u0105. Skoro \u201eapartamenty\u201d maj\u0105 teraz czterdzie\u015bci metr\u00f3w, to i \u201ewilla\u201d mo\u017ce nie mie\u0107 stu. Na obrze\u017ca miasta kieruj\u0105 ludzi na og\u00f3\u0142 ceny, bo z zieleni\u0105 to i tam bywa r\u00f3\u017cnie. Jednak t\u0119sknoty willowe nadal wychodz\u0105 \u2013 zwykle niefortunnie \u2013 w projektach wsp\u00f3\u0142czesnych dom\u00f3w (tu wie\u017cyczka, tam kolumienka, gdzieniegdzie gipsowy lew&#8230; Jednak tu ju\u017c nie ma tej magicznej sp\u00f3jno\u015bci, a z\u0119by bol\u0105, oj, bol\u0105&#8230;).  <\/p>\n\n\n\n<p><a href=\"https:\/\/pwr.edu.pl\/uczelnia\/aktualnosci\/wroclawskie-wille-w-ksiazce-badaczki-z-pwr-jedyna-taka-publikacja-zdjecia-11524.html\" class=\"broken_link\">Na stronie Politechniki Wroc\u0142awskiej mo\u017cecie przeczyta\u0107 niezwykle obszerny wywiad<\/a>, kt\u00f3ry z autork\u0105 ksi\u0105\u017cki przeprowadzi\u0142a Lucyna R\u00f3g-Wolska. Zach\u0119cam do lektury &#8211; po tym ju\u017c z pewno\u015bci\u0105 si\u0119gniecie po &#8222;Wroc\u0142awskie wille i osiedla willowe doby historyzmu&#8221;. <\/p>\n","protected":false},"excerpt":{"rendered":"<p>W ramach dzia\u0142alno\u015bci Wroc\u0142awskich Kamienic b\u0119dziemy wynajdywa\u0107 dla Was ksi\u0105\u017cki, kt\u00f3re mog\u0105 zainteresowa\u0107 mi\u0142o\u015bnik\u00f3w wroc\u0142awskiej architektury. Pisa\u0142am ju\u017c kiedy\u015b o<\/p>\n","protected":false},"author":1,"featured_media":2355,"comment_status":"open","ping_status":"open","sticky":false,"template":"","format":"standard","meta":{"ngg_post_thumbnail":0,"footnotes":""},"categories":[71,33,99],"tags":[244,243,242,241,245,247,246],"class_list":["post-2350","post","type-post","status-publish","format-standard","has-post-thumbnail","hentry","category-recenzja","category-ksiazka","category-o-wroclawiu","tag-agnieszka-tomaszewicz","tag-architektura","tag-do-poczytania","tag-ksiazka","tag-wille","tag-wille-breslau","tag-wille-wroclawia"],"yoast_head":"<!-- This site is optimized with the Yoast SEO plugin v25.1 - https:\/\/yoast.com\/wordpress\/plugins\/seo\/ -->\n<title>Do poczytania: &quot;Wroc\u0142awskie wille i osiedla willowe doby historyzmu&quot; | Wroc\u0142awskie Kamienice<\/title>\n<meta name=\"description\" content=\"Agnieszka Tomaszewicz: &quot;Wroc\u0142awskie wille i osiedla willowe dobry historyzmu&quot;. Ksi\u0105\u017cka dla mi\u0142o\u015bnik\u00f3w Wroc\u0142awia i architektury.\" \/>\n<meta name=\"robots\" content=\"index, follow, max-snippet:-1, max-image-preview:large, max-video-preview:-1\" \/>\n<link rel=\"canonical\" href=\"https:\/\/wroclawskie-kamienice.pl\/index.php\/2020\/06\/13\/do-poczytania-wroclawskie-wille-i-osiedla-willowe-doby-historyzmu\/\" \/>\n<meta property=\"og:locale\" content=\"pl_PL\" \/>\n<meta property=\"og:type\" content=\"article\" \/>\n<meta property=\"og:title\" content=\"Do poczytania: &quot;Wroc\u0142awskie wille i osiedla willowe doby historyzmu&quot; | Wroc\u0142awskie Kamienice\" \/>\n<meta property=\"og:description\" content=\"Agnieszka Tomaszewicz: &quot;Wroc\u0142awskie wille i osiedla willowe dobry historyzmu&quot;. Ksi\u0105\u017cka dla mi\u0142o\u015bnik\u00f3w Wroc\u0142awia i architektury.\" \/>\n<meta property=\"og:url\" content=\"https:\/\/wroclawskie-kamienice.pl\/index.php\/2020\/06\/13\/do-poczytania-wroclawskie-wille-i-osiedla-willowe-doby-historyzmu\/\" \/>\n<meta property=\"og:site_name\" content=\"Wroc\u0142awskie Kamienice\" \/>\n<meta property=\"article:publisher\" content=\"https:\/\/www.facebook.com\/wroclawskie.kamienice\" \/>\n<meta property=\"article:published_time\" content=\"2020-06-13T06:30:00+00:00\" \/>\n<meta property=\"og:image\" content=\"https:\/\/wroclawskie-kamienice.pl\/wp-content\/uploads\/2020\/06\/Akacjowa.jpg\" \/>\n\t<meta property=\"og:image:width\" content=\"966\" \/>\n\t<meta property=\"og:image:height\" content=\"738\" \/>\n\t<meta property=\"og:image:type\" content=\"image\/jpeg\" \/>\n<meta name=\"author\" content=\"Ewelina Kodzis\" \/>\n<meta name=\"twitter:card\" content=\"summary_large_image\" \/>\n<meta name=\"twitter:label1\" content=\"Napisane przez\" \/>\n\t<meta name=\"twitter:data1\" content=\"Ewelina Kodzis\" \/>\n\t<meta name=\"twitter:label2\" content=\"Szacowany czas czytania\" \/>\n\t<meta name=\"twitter:data2\" content=\"3 minuty\" \/>\n<script type=\"application\/ld+json\" class=\"yoast-schema-graph\">{\"@context\":\"https:\/\/schema.org\",\"@graph\":[{\"@type\":\"WebPage\",\"@id\":\"https:\/\/wroclawskie-kamienice.pl\/index.php\/2020\/06\/13\/do-poczytania-wroclawskie-wille-i-osiedla-willowe-doby-historyzmu\/\",\"url\":\"https:\/\/wroclawskie-kamienice.pl\/index.php\/2020\/06\/13\/do-poczytania-wroclawskie-wille-i-osiedla-willowe-doby-historyzmu\/\",\"name\":\"Do poczytania: \\\"Wroc\u0142awskie wille i osiedla willowe doby historyzmu\\\" | Wroc\u0142awskie Kamienice\",\"isPartOf\":{\"@id\":\"https:\/\/wroclawskie-kamienice.pl\/#website\"},\"primaryImageOfPage\":{\"@id\":\"https:\/\/wroclawskie-kamienice.pl\/index.php\/2020\/06\/13\/do-poczytania-wroclawskie-wille-i-osiedla-willowe-doby-historyzmu\/#primaryimage\"},\"image\":{\"@id\":\"https:\/\/wroclawskie-kamienice.pl\/index.php\/2020\/06\/13\/do-poczytania-wroclawskie-wille-i-osiedla-willowe-doby-historyzmu\/#primaryimage\"},\"thumbnailUrl\":\"https:\/\/wroclawskie-kamienice.pl\/wp-content\/uploads\/2020\/06\/Akacjowa.jpg\",\"datePublished\":\"2020-06-13T06:30:00+00:00\",\"author\":{\"@id\":\"https:\/\/wroclawskie-kamienice.pl\/#\/schema\/person\/21fced558fdbcc1b64a74f1b4a21c592\"},\"description\":\"Agnieszka Tomaszewicz: \\\"Wroc\u0142awskie wille i osiedla willowe dobry historyzmu\\\". Ksi\u0105\u017cka dla mi\u0142o\u015bnik\u00f3w Wroc\u0142awia i architektury.\",\"breadcrumb\":{\"@id\":\"https:\/\/wroclawskie-kamienice.pl\/index.php\/2020\/06\/13\/do-poczytania-wroclawskie-wille-i-osiedla-willowe-doby-historyzmu\/#breadcrumb\"},\"inLanguage\":\"pl-PL\",\"potentialAction\":[{\"@type\":\"ReadAction\",\"target\":[\"https:\/\/wroclawskie-kamienice.pl\/index.php\/2020\/06\/13\/do-poczytania-wroclawskie-wille-i-osiedla-willowe-doby-historyzmu\/\"]}]},{\"@type\":\"ImageObject\",\"inLanguage\":\"pl-PL\",\"@id\":\"https:\/\/wroclawskie-kamienice.pl\/index.php\/2020\/06\/13\/do-poczytania-wroclawskie-wille-i-osiedla-willowe-doby-historyzmu\/#primaryimage\",\"url\":\"https:\/\/wroclawskie-kamienice.pl\/wp-content\/uploads\/2020\/06\/Akacjowa.jpg\",\"contentUrl\":\"https:\/\/wroclawskie-kamienice.pl\/wp-content\/uploads\/2020\/06\/Akacjowa.jpg\",\"width\":966,\"height\":738,\"caption\":\"ul. Akacjowa 16\"},{\"@type\":\"BreadcrumbList\",\"@id\":\"https:\/\/wroclawskie-kamienice.pl\/index.php\/2020\/06\/13\/do-poczytania-wroclawskie-wille-i-osiedla-willowe-doby-historyzmu\/#breadcrumb\",\"itemListElement\":[{\"@type\":\"ListItem\",\"position\":1,\"name\":\"Strona g\u0142\u00f3wna\",\"item\":\"https:\/\/wroclawskie-kamienice.pl\/\"},{\"@type\":\"ListItem\",\"position\":2,\"name\":\"Do&nbsp;poczytania: &#8222;Wroc\u0142awskie wille i&nbsp;osiedla willowe doby historyzmu&#8221;\"}]},{\"@type\":\"WebSite\",\"@id\":\"https:\/\/wroclawskie-kamienice.pl\/#website\",\"url\":\"https:\/\/wroclawskie-kamienice.pl\/\",\"name\":\"Wroc\u0142awskie Kamienice\",\"description\":\"\",\"potentialAction\":[{\"@type\":\"SearchAction\",\"target\":{\"@type\":\"EntryPoint\",\"urlTemplate\":\"https:\/\/wroclawskie-kamienice.pl\/?s={search_term_string}\"},\"query-input\":{\"@type\":\"PropertyValueSpecification\",\"valueRequired\":true,\"valueName\":\"search_term_string\"}}],\"inLanguage\":\"pl-PL\"},{\"@type\":\"Person\",\"@id\":\"https:\/\/wroclawskie-kamienice.pl\/#\/schema\/person\/21fced558fdbcc1b64a74f1b4a21c592\",\"name\":\"Ewelina Kodzis\",\"image\":{\"@type\":\"ImageObject\",\"inLanguage\":\"pl-PL\",\"@id\":\"https:\/\/wroclawskie-kamienice.pl\/#\/schema\/person\/image\/\",\"url\":\"https:\/\/secure.gravatar.com\/avatar\/4a7fc5b2885261c85e300a114cd565425fbc799e1f433806465ee256fa1738c9?s=96&d=mm&r=g\",\"contentUrl\":\"https:\/\/secure.gravatar.com\/avatar\/4a7fc5b2885261c85e300a114cd565425fbc799e1f433806465ee256fa1738c9?s=96&d=mm&r=g\",\"caption\":\"Ewelina Kodzis\"},\"description\":\"Filologia, dziennikarstwo, grafika i blogowanie. Opr\u00f3cz tego Wroc\u0142aw, muzyka, jesie\u0144 i koty. P\u00f3\u017aniej dopiero ca\u0142a reszta.\",\"url\":\"https:\/\/wroclawskie-kamienice.pl\/index.php\/author\/admin6028\/\"}]}<\/script>\n<!-- \/ Yoast SEO plugin. -->","yoast_head_json":{"title":"Do poczytania: \"Wroc\u0142awskie wille i osiedla willowe doby historyzmu\" | Wroc\u0142awskie Kamienice","description":"Agnieszka Tomaszewicz: \"Wroc\u0142awskie wille i osiedla willowe dobry historyzmu\". Ksi\u0105\u017cka dla mi\u0142o\u015bnik\u00f3w Wroc\u0142awia i architektury.","robots":{"index":"index","follow":"follow","max-snippet":"max-snippet:-1","max-image-preview":"max-image-preview:large","max-video-preview":"max-video-preview:-1"},"canonical":"https:\/\/wroclawskie-kamienice.pl\/index.php\/2020\/06\/13\/do-poczytania-wroclawskie-wille-i-osiedla-willowe-doby-historyzmu\/","og_locale":"pl_PL","og_type":"article","og_title":"Do poczytania: \"Wroc\u0142awskie wille i osiedla willowe doby historyzmu\" | Wroc\u0142awskie Kamienice","og_description":"Agnieszka Tomaszewicz: \"Wroc\u0142awskie wille i osiedla willowe dobry historyzmu\". Ksi\u0105\u017cka dla mi\u0142o\u015bnik\u00f3w Wroc\u0142awia i architektury.","og_url":"https:\/\/wroclawskie-kamienice.pl\/index.php\/2020\/06\/13\/do-poczytania-wroclawskie-wille-i-osiedla-willowe-doby-historyzmu\/","og_site_name":"Wroc\u0142awskie Kamienice","article_publisher":"https:\/\/www.facebook.com\/wroclawskie.kamienice","article_published_time":"2020-06-13T06:30:00+00:00","og_image":[{"width":966,"height":738,"url":"https:\/\/wroclawskie-kamienice.pl\/wp-content\/uploads\/2020\/06\/Akacjowa.jpg","type":"image\/jpeg"}],"author":"Ewelina Kodzis","twitter_card":"summary_large_image","twitter_misc":{"Napisane przez":"Ewelina Kodzis","Szacowany czas czytania":"3 minuty"},"schema":{"@context":"https:\/\/schema.org","@graph":[{"@type":"WebPage","@id":"https:\/\/wroclawskie-kamienice.pl\/index.php\/2020\/06\/13\/do-poczytania-wroclawskie-wille-i-osiedla-willowe-doby-historyzmu\/","url":"https:\/\/wroclawskie-kamienice.pl\/index.php\/2020\/06\/13\/do-poczytania-wroclawskie-wille-i-osiedla-willowe-doby-historyzmu\/","name":"Do poczytania: \"Wroc\u0142awskie wille i osiedla willowe doby historyzmu\" | Wroc\u0142awskie Kamienice","isPartOf":{"@id":"https:\/\/wroclawskie-kamienice.pl\/#website"},"primaryImageOfPage":{"@id":"https:\/\/wroclawskie-kamienice.pl\/index.php\/2020\/06\/13\/do-poczytania-wroclawskie-wille-i-osiedla-willowe-doby-historyzmu\/#primaryimage"},"image":{"@id":"https:\/\/wroclawskie-kamienice.pl\/index.php\/2020\/06\/13\/do-poczytania-wroclawskie-wille-i-osiedla-willowe-doby-historyzmu\/#primaryimage"},"thumbnailUrl":"https:\/\/wroclawskie-kamienice.pl\/wp-content\/uploads\/2020\/06\/Akacjowa.jpg","datePublished":"2020-06-13T06:30:00+00:00","author":{"@id":"https:\/\/wroclawskie-kamienice.pl\/#\/schema\/person\/21fced558fdbcc1b64a74f1b4a21c592"},"description":"Agnieszka Tomaszewicz: \"Wroc\u0142awskie wille i osiedla willowe dobry historyzmu\". Ksi\u0105\u017cka dla mi\u0142o\u015bnik\u00f3w Wroc\u0142awia i architektury.","breadcrumb":{"@id":"https:\/\/wroclawskie-kamienice.pl\/index.php\/2020\/06\/13\/do-poczytania-wroclawskie-wille-i-osiedla-willowe-doby-historyzmu\/#breadcrumb"},"inLanguage":"pl-PL","potentialAction":[{"@type":"ReadAction","target":["https:\/\/wroclawskie-kamienice.pl\/index.php\/2020\/06\/13\/do-poczytania-wroclawskie-wille-i-osiedla-willowe-doby-historyzmu\/"]}]},{"@type":"ImageObject","inLanguage":"pl-PL","@id":"https:\/\/wroclawskie-kamienice.pl\/index.php\/2020\/06\/13\/do-poczytania-wroclawskie-wille-i-osiedla-willowe-doby-historyzmu\/#primaryimage","url":"https:\/\/wroclawskie-kamienice.pl\/wp-content\/uploads\/2020\/06\/Akacjowa.jpg","contentUrl":"https:\/\/wroclawskie-kamienice.pl\/wp-content\/uploads\/2020\/06\/Akacjowa.jpg","width":966,"height":738,"caption":"ul. Akacjowa 16"},{"@type":"BreadcrumbList","@id":"https:\/\/wroclawskie-kamienice.pl\/index.php\/2020\/06\/13\/do-poczytania-wroclawskie-wille-i-osiedla-willowe-doby-historyzmu\/#breadcrumb","itemListElement":[{"@type":"ListItem","position":1,"name":"Strona g\u0142\u00f3wna","item":"https:\/\/wroclawskie-kamienice.pl\/"},{"@type":"ListItem","position":2,"name":"Do&nbsp;poczytania: &#8222;Wroc\u0142awskie wille i&nbsp;osiedla willowe doby historyzmu&#8221;"}]},{"@type":"WebSite","@id":"https:\/\/wroclawskie-kamienice.pl\/#website","url":"https:\/\/wroclawskie-kamienice.pl\/","name":"Wroc\u0142awskie Kamienice","description":"","potentialAction":[{"@type":"SearchAction","target":{"@type":"EntryPoint","urlTemplate":"https:\/\/wroclawskie-kamienice.pl\/?s={search_term_string}"},"query-input":{"@type":"PropertyValueSpecification","valueRequired":true,"valueName":"search_term_string"}}],"inLanguage":"pl-PL"},{"@type":"Person","@id":"https:\/\/wroclawskie-kamienice.pl\/#\/schema\/person\/21fced558fdbcc1b64a74f1b4a21c592","name":"Ewelina Kodzis","image":{"@type":"ImageObject","inLanguage":"pl-PL","@id":"https:\/\/wroclawskie-kamienice.pl\/#\/schema\/person\/image\/","url":"https:\/\/secure.gravatar.com\/avatar\/4a7fc5b2885261c85e300a114cd565425fbc799e1f433806465ee256fa1738c9?s=96&d=mm&r=g","contentUrl":"https:\/\/secure.gravatar.com\/avatar\/4a7fc5b2885261c85e300a114cd565425fbc799e1f433806465ee256fa1738c9?s=96&d=mm&r=g","caption":"Ewelina Kodzis"},"description":"Filologia, dziennikarstwo, grafika i blogowanie. Opr\u00f3cz tego Wroc\u0142aw, muzyka, jesie\u0144 i koty. P\u00f3\u017aniej dopiero ca\u0142a reszta.","url":"https:\/\/wroclawskie-kamienice.pl\/index.php\/author\/admin6028\/"}]}},"_links":{"self":[{"href":"https:\/\/wroclawskie-kamienice.pl\/index.php\/wp-json\/wp\/v2\/posts\/2350","targetHints":{"allow":["GET"]}}],"collection":[{"href":"https:\/\/wroclawskie-kamienice.pl\/index.php\/wp-json\/wp\/v2\/posts"}],"about":[{"href":"https:\/\/wroclawskie-kamienice.pl\/index.php\/wp-json\/wp\/v2\/types\/post"}],"author":[{"embeddable":true,"href":"https:\/\/wroclawskie-kamienice.pl\/index.php\/wp-json\/wp\/v2\/users\/1"}],"replies":[{"embeddable":true,"href":"https:\/\/wroclawskie-kamienice.pl\/index.php\/wp-json\/wp\/v2\/comments?post=2350"}],"version-history":[{"count":6,"href":"https:\/\/wroclawskie-kamienice.pl\/index.php\/wp-json\/wp\/v2\/posts\/2350\/revisions"}],"predecessor-version":[{"id":2358,"href":"https:\/\/wroclawskie-kamienice.pl\/index.php\/wp-json\/wp\/v2\/posts\/2350\/revisions\/2358"}],"wp:featuredmedia":[{"embeddable":true,"href":"https:\/\/wroclawskie-kamienice.pl\/index.php\/wp-json\/wp\/v2\/media\/2355"}],"wp:attachment":[{"href":"https:\/\/wroclawskie-kamienice.pl\/index.php\/wp-json\/wp\/v2\/media?parent=2350"}],"wp:term":[{"taxonomy":"category","embeddable":true,"href":"https:\/\/wroclawskie-kamienice.pl\/index.php\/wp-json\/wp\/v2\/categories?post=2350"},{"taxonomy":"post_tag","embeddable":true,"href":"https:\/\/wroclawskie-kamienice.pl\/index.php\/wp-json\/wp\/v2\/tags?post=2350"}],"curies":[{"name":"wp","href":"https:\/\/api.w.org\/{rel}","templated":true}]}}