{"id":25,"date":"2016-05-09T11:16:00","date_gmt":"2016-05-09T09:16:00","guid":{"rendered":""},"modified":"2020-05-31T00:15:36","modified_gmt":"2020-05-30T22:15:36","slug":"zapomniane-miasto","status":"publish","type":"post","link":"https:\/\/wroclawskie-kamienice.pl\/index.php\/2016\/05\/09\/zapomniane-miasto\/","title":{"rendered":"Zapomniane Miasto"},"content":{"rendered":"<p>W niedzielny wiecz\u00f3r, 8 maja w holu Dworca Nadodrze odby\u0142 si\u0119 pierwszy z cyklu koncert\u00f3w &#8222;Zapomniane Miasto&#8221;. O co chodzi? W skr\u00f3cie: 12 koncert\u00f3w, ka\u017cdy z nich w nietypowym (dla wyst\u0119p\u00f3w artystycznych) otoczeniu. Dworce, parki, kamienice, podw\u00f3rza. Wszystko po to, by pozwoli\u0107 muzyce wyj\u015b\u0107 z sal koncertowych i zabrzmie\u0107 w miejscach, kt\u00f3rych blask ju\u017c nieco przygas\u0142. Motywem wsp\u00f3lnym wszystkich wyst\u0119p\u00f3w b\u0119dzie  &#8222;Tierkreis&#8221; (&#8222;Znaki  zodiaku&#8221;) Karlheinza Stockhausena &#8211; ka\u017cdy z artyst\u00f3w zaprezentuje jedn\u0105 cz\u0119\u015b\u0107 tego cyklu. <\/p>\n<div style=\"clear: both; text-align: center;\"><a href=\"http:\/\/wroclawskie-kamienice.pl\/wp-content\/uploads\/2016\/05\/IMG_5229.jpg\" style=\"margin-left: 1em; margin-right: 1em;\"><img loading=\"lazy\" decoding=\"async\" border=\"0\" height=\"425\" src=\"http:\/\/wroclawskie-kamienice.pl\/wp-content\/uploads\/2016\/05\/IMG_5229-300x200.jpg\" width=\"640\" \/><\/a><\/div>\n<p>W ramach inauguracji ca\u0142ego projektu w murach dostojnego Dworca Nadodrze wyst\u0105pi\u0142 wczoraj Kajetan Galas. Trudno mi oszacowa\u0107 ile os\u00f3b przysz\u0142o&#8230; &#8222;Bardzo du\u017co&#8221; to ma\u0142o precyzyjne, ale bardzo odpowiednie okre\u015blenie. Przekr\u00f3j wiekowy i spo\u0142eczny te\u017c ca\u0142kiem imponuj\u0105cy, a wi\u0119c i oczekiwania z pewno\u015bci\u0105 rozmaite. A jednak d\u017awi\u0119kom organ\u00f3w Hammonda uda\u0142o si\u0119 t\u0119 r\u00f3\u017cnorodno\u015b\u0107 spoi\u0107! Koncert spotka\u0142 si\u0119 z niezwykle ciep\u0142ym przyj\u0119ciem, a sam artysta dzielnie zni\u00f3s\u0142 niecodzienny akompaniament w postaci np. szumu dworcowej tablicy z rozk\u0142adem jazdy.<\/p>\n<div style=\"clear: both; text-align: center;\"><a href=\"http:\/\/wroclawskie-kamienice.pl\/wp-content\/uploads\/2016\/05\/kajetan.jpg\" style=\"margin-left: 1em; margin-right: 1em;\"><img loading=\"lazy\" decoding=\"async\" border=\"0\" height=\"425\" src=\"http:\/\/wroclawskie-kamienice.pl\/wp-content\/uploads\/2016\/05\/kajetan-300x200.jpg\" width=\"640\" \/><\/a><\/div>\n<p>Nie wiem czy organizatorzy spodziewali si\u0119 takiej frekwencji, ale je\u015bli  tyle samo os\u00f3b ma zamiar przyj\u015b\u0107 na koncerty w kolejnych lokalizacjach,  to obawiam si\u0119, \u017ce si\u0119 po prostu nie pomieszcz\u0105. O ile podw\u00f3rze przy ul.  Traugutta (gdzie odb\u0119dzie si\u0119 kolejny koncert) zniesie wiele, to klatka  schodowa przy ul. Ko\u0142\u0142\u0105taja ju\u017c nie&#8230;&nbsp; Mimo tych obaw zach\u0119cam Was do  udzia\u0142u w kolejnych koncertach. Dla mi\u0142o\u015bnik\u00f3w kamienic szykuje si\u0119 tam  kilka wyj\u0105tkowych miejsc. <\/p>\n<div style=\"clear: both; text-align: center;\"><a href=\"http:\/\/wroclawskie-kamienice.pl\/wp-content\/uploads\/2016\/05\/kaj.jpg\" style=\"margin-left: 1em; margin-right: 1em;\"><img loading=\"lazy\" decoding=\"async\" border=\"0\" height=\"178\" src=\"http:\/\/wroclawskie-kamienice.pl\/wp-content\/uploads\/2016\/05\/kaj-300x84.jpg\" width=\"640\" \/><\/a><\/div>\n<p>Ju\u017c w nast\u0119pn\u0105 niedziel\u0119 koncert Aleksandry Wasik w podw\u00f3rzu kamienic przy ul. Traugutta 102-104, czyli tam, gdzie&nbsp; mie\u015bci\u0142a si\u0119 niegdy\u015b wytw\u00f3rnia w\u00f3dek Carla Schirdewana. Wi\u0119cej informacji <a href=\"http:\/\/www.nfm.wroclaw.pl\/component\/nfmcalendar\/event\/5019\" target=\"_blank\">[tutaj]<\/a>.<\/p>\n<p>Wybieracie si\u0119?<br \/>Do zobaczenia :)!<\/p>\n<p><\/p>\n","protected":false},"excerpt":{"rendered":"<p>W niedzielny wiecz\u00f3r, 8 maja w holu Dworca Nadodrze odby\u0142 si\u0119 pierwszy z cyklu koncert\u00f3w &#8222;Zapomniane Miasto&#8221;. O co chodzi?<\/p>\n","protected":false},"author":1,"featured_media":184,"comment_status":"open","ping_status":"open","sticky":false,"template":"","format":"standard","meta":{"ngg_post_thumbnail":0,"footnotes":""},"categories":[90,88,87,58,89,3,24,91],"tags":[],"class_list":["post-25","post","type-post","status-publish","format-standard","has-post-thumbnail","hentry","category-dworzec","category-esk2016","category-muzyka","category-nadodrze","category-sztuka","category-tak-od-serca","category-wroclaw","category-zapomniane-miasto"],"yoast_head":"<!-- This site is optimized with the Yoast SEO plugin v25.1 - https:\/\/yoast.com\/wordpress\/plugins\/seo\/ -->\n<title>Zapomniane Miasto | Wroc\u0142awskie Kamienice<\/title>\n<meta name=\"robots\" content=\"index, follow, max-snippet:-1, max-image-preview:large, max-video-preview:-1\" \/>\n<link rel=\"canonical\" href=\"https:\/\/wroclawskie-kamienice.pl\/index.php\/2016\/05\/09\/zapomniane-miasto\/\" \/>\n<meta property=\"og:locale\" content=\"pl_PL\" \/>\n<meta property=\"og:type\" content=\"article\" \/>\n<meta property=\"og:title\" content=\"Zapomniane Miasto | Wroc\u0142awskie Kamienice\" \/>\n<meta property=\"og:description\" content=\"W niedzielny wiecz\u00f3r, 8 maja w holu Dworca Nadodrze odby\u0142 si\u0119 pierwszy z cyklu koncert\u00f3w &#8222;Zapomniane Miasto&#8221;. O co chodzi?\" \/>\n<meta property=\"og:url\" content=\"https:\/\/wroclawskie-kamienice.pl\/index.php\/2016\/05\/09\/zapomniane-miasto\/\" \/>\n<meta property=\"og:site_name\" content=\"Wroc\u0142awskie Kamienice\" \/>\n<meta property=\"article:publisher\" content=\"https:\/\/www.facebook.com\/wroclawskie.kamienice\" \/>\n<meta property=\"article:published_time\" content=\"2016-05-09T09:16:00+00:00\" \/>\n<meta property=\"article:modified_time\" content=\"2020-05-30T22:15:36+00:00\" \/>\n<meta property=\"og:image\" content=\"https:\/\/wroclawskie-kamienice.pl\/wp-content\/uploads\/2016\/05\/IMG_5229.jpg\" \/>\n\t<meta property=\"og:image:width\" content=\"1024\" \/>\n\t<meta property=\"og:image:height\" content=\"683\" \/>\n\t<meta property=\"og:image:type\" content=\"image\/jpeg\" \/>\n<meta name=\"author\" content=\"Ewelina Kodzis\" \/>\n<meta name=\"twitter:card\" content=\"summary_large_image\" \/>\n<meta name=\"twitter:label1\" content=\"Napisane przez\" \/>\n\t<meta name=\"twitter:data1\" content=\"Ewelina Kodzis\" \/>\n\t<meta name=\"twitter:label2\" content=\"Szacowany czas czytania\" \/>\n\t<meta name=\"twitter:data2\" content=\"2 minuty\" \/>\n<script type=\"application\/ld+json\" class=\"yoast-schema-graph\">{\"@context\":\"https:\/\/schema.org\",\"@graph\":[{\"@type\":\"WebPage\",\"@id\":\"https:\/\/wroclawskie-kamienice.pl\/index.php\/2016\/05\/09\/zapomniane-miasto\/\",\"url\":\"https:\/\/wroclawskie-kamienice.pl\/index.php\/2016\/05\/09\/zapomniane-miasto\/\",\"name\":\"Zapomniane Miasto | Wroc\u0142awskie Kamienice\",\"isPartOf\":{\"@id\":\"https:\/\/wroclawskie-kamienice.pl\/#website\"},\"primaryImageOfPage\":{\"@id\":\"https:\/\/wroclawskie-kamienice.pl\/index.php\/2016\/05\/09\/zapomniane-miasto\/#primaryimage\"},\"image\":{\"@id\":\"https:\/\/wroclawskie-kamienice.pl\/index.php\/2016\/05\/09\/zapomniane-miasto\/#primaryimage\"},\"thumbnailUrl\":\"https:\/\/wroclawskie-kamienice.pl\/wp-content\/uploads\/2016\/05\/IMG_5229.jpg\",\"datePublished\":\"2016-05-09T09:16:00+00:00\",\"dateModified\":\"2020-05-30T22:15:36+00:00\",\"author\":{\"@id\":\"https:\/\/wroclawskie-kamienice.pl\/#\/schema\/person\/21fced558fdbcc1b64a74f1b4a21c592\"},\"breadcrumb\":{\"@id\":\"https:\/\/wroclawskie-kamienice.pl\/index.php\/2016\/05\/09\/zapomniane-miasto\/#breadcrumb\"},\"inLanguage\":\"pl-PL\",\"potentialAction\":[{\"@type\":\"ReadAction\",\"target\":[\"https:\/\/wroclawskie-kamienice.pl\/index.php\/2016\/05\/09\/zapomniane-miasto\/\"]}]},{\"@type\":\"ImageObject\",\"inLanguage\":\"pl-PL\",\"@id\":\"https:\/\/wroclawskie-kamienice.pl\/index.php\/2016\/05\/09\/zapomniane-miasto\/#primaryimage\",\"url\":\"https:\/\/wroclawskie-kamienice.pl\/wp-content\/uploads\/2016\/05\/IMG_5229.jpg\",\"contentUrl\":\"https:\/\/wroclawskie-kamienice.pl\/wp-content\/uploads\/2016\/05\/IMG_5229.jpg\",\"width\":1024,\"height\":683},{\"@type\":\"BreadcrumbList\",\"@id\":\"https:\/\/wroclawskie-kamienice.pl\/index.php\/2016\/05\/09\/zapomniane-miasto\/#breadcrumb\",\"itemListElement\":[{\"@type\":\"ListItem\",\"position\":1,\"name\":\"Strona g\u0142\u00f3wna\",\"item\":\"https:\/\/wroclawskie-kamienice.pl\/\"},{\"@type\":\"ListItem\",\"position\":2,\"name\":\"Zapomniane Miasto\"}]},{\"@type\":\"WebSite\",\"@id\":\"https:\/\/wroclawskie-kamienice.pl\/#website\",\"url\":\"https:\/\/wroclawskie-kamienice.pl\/\",\"name\":\"Wroc\u0142awskie Kamienice\",\"description\":\"\",\"potentialAction\":[{\"@type\":\"SearchAction\",\"target\":{\"@type\":\"EntryPoint\",\"urlTemplate\":\"https:\/\/wroclawskie-kamienice.pl\/?s={search_term_string}\"},\"query-input\":{\"@type\":\"PropertyValueSpecification\",\"valueRequired\":true,\"valueName\":\"search_term_string\"}}],\"inLanguage\":\"pl-PL\"},{\"@type\":\"Person\",\"@id\":\"https:\/\/wroclawskie-kamienice.pl\/#\/schema\/person\/21fced558fdbcc1b64a74f1b4a21c592\",\"name\":\"Ewelina Kodzis\",\"image\":{\"@type\":\"ImageObject\",\"inLanguage\":\"pl-PL\",\"@id\":\"https:\/\/wroclawskie-kamienice.pl\/#\/schema\/person\/image\/\",\"url\":\"https:\/\/secure.gravatar.com\/avatar\/4a7fc5b2885261c85e300a114cd565425fbc799e1f433806465ee256fa1738c9?s=96&d=mm&r=g\",\"contentUrl\":\"https:\/\/secure.gravatar.com\/avatar\/4a7fc5b2885261c85e300a114cd565425fbc799e1f433806465ee256fa1738c9?s=96&d=mm&r=g\",\"caption\":\"Ewelina Kodzis\"},\"description\":\"Filologia, dziennikarstwo, grafika i blogowanie. Opr\u00f3cz tego Wroc\u0142aw, muzyka, jesie\u0144 i koty. P\u00f3\u017aniej dopiero ca\u0142a reszta.\",\"url\":\"https:\/\/wroclawskie-kamienice.pl\/index.php\/author\/admin6028\/\"}]}<\/script>\n<!-- \/ Yoast SEO plugin. -->","yoast_head_json":{"title":"Zapomniane Miasto | Wroc\u0142awskie Kamienice","robots":{"index":"index","follow":"follow","max-snippet":"max-snippet:-1","max-image-preview":"max-image-preview:large","max-video-preview":"max-video-preview:-1"},"canonical":"https:\/\/wroclawskie-kamienice.pl\/index.php\/2016\/05\/09\/zapomniane-miasto\/","og_locale":"pl_PL","og_type":"article","og_title":"Zapomniane Miasto | Wroc\u0142awskie Kamienice","og_description":"W niedzielny wiecz\u00f3r, 8 maja w holu Dworca Nadodrze odby\u0142 si\u0119 pierwszy z cyklu koncert\u00f3w &#8222;Zapomniane Miasto&#8221;. O co chodzi?","og_url":"https:\/\/wroclawskie-kamienice.pl\/index.php\/2016\/05\/09\/zapomniane-miasto\/","og_site_name":"Wroc\u0142awskie Kamienice","article_publisher":"https:\/\/www.facebook.com\/wroclawskie.kamienice","article_published_time":"2016-05-09T09:16:00+00:00","article_modified_time":"2020-05-30T22:15:36+00:00","og_image":[{"width":1024,"height":683,"url":"https:\/\/wroclawskie-kamienice.pl\/wp-content\/uploads\/2016\/05\/IMG_5229.jpg","type":"image\/jpeg"}],"author":"Ewelina Kodzis","twitter_card":"summary_large_image","twitter_misc":{"Napisane przez":"Ewelina Kodzis","Szacowany czas czytania":"2 minuty"},"schema":{"@context":"https:\/\/schema.org","@graph":[{"@type":"WebPage","@id":"https:\/\/wroclawskie-kamienice.pl\/index.php\/2016\/05\/09\/zapomniane-miasto\/","url":"https:\/\/wroclawskie-kamienice.pl\/index.php\/2016\/05\/09\/zapomniane-miasto\/","name":"Zapomniane Miasto | Wroc\u0142awskie Kamienice","isPartOf":{"@id":"https:\/\/wroclawskie-kamienice.pl\/#website"},"primaryImageOfPage":{"@id":"https:\/\/wroclawskie-kamienice.pl\/index.php\/2016\/05\/09\/zapomniane-miasto\/#primaryimage"},"image":{"@id":"https:\/\/wroclawskie-kamienice.pl\/index.php\/2016\/05\/09\/zapomniane-miasto\/#primaryimage"},"thumbnailUrl":"https:\/\/wroclawskie-kamienice.pl\/wp-content\/uploads\/2016\/05\/IMG_5229.jpg","datePublished":"2016-05-09T09:16:00+00:00","dateModified":"2020-05-30T22:15:36+00:00","author":{"@id":"https:\/\/wroclawskie-kamienice.pl\/#\/schema\/person\/21fced558fdbcc1b64a74f1b4a21c592"},"breadcrumb":{"@id":"https:\/\/wroclawskie-kamienice.pl\/index.php\/2016\/05\/09\/zapomniane-miasto\/#breadcrumb"},"inLanguage":"pl-PL","potentialAction":[{"@type":"ReadAction","target":["https:\/\/wroclawskie-kamienice.pl\/index.php\/2016\/05\/09\/zapomniane-miasto\/"]}]},{"@type":"ImageObject","inLanguage":"pl-PL","@id":"https:\/\/wroclawskie-kamienice.pl\/index.php\/2016\/05\/09\/zapomniane-miasto\/#primaryimage","url":"https:\/\/wroclawskie-kamienice.pl\/wp-content\/uploads\/2016\/05\/IMG_5229.jpg","contentUrl":"https:\/\/wroclawskie-kamienice.pl\/wp-content\/uploads\/2016\/05\/IMG_5229.jpg","width":1024,"height":683},{"@type":"BreadcrumbList","@id":"https:\/\/wroclawskie-kamienice.pl\/index.php\/2016\/05\/09\/zapomniane-miasto\/#breadcrumb","itemListElement":[{"@type":"ListItem","position":1,"name":"Strona g\u0142\u00f3wna","item":"https:\/\/wroclawskie-kamienice.pl\/"},{"@type":"ListItem","position":2,"name":"Zapomniane Miasto"}]},{"@type":"WebSite","@id":"https:\/\/wroclawskie-kamienice.pl\/#website","url":"https:\/\/wroclawskie-kamienice.pl\/","name":"Wroc\u0142awskie Kamienice","description":"","potentialAction":[{"@type":"SearchAction","target":{"@type":"EntryPoint","urlTemplate":"https:\/\/wroclawskie-kamienice.pl\/?s={search_term_string}"},"query-input":{"@type":"PropertyValueSpecification","valueRequired":true,"valueName":"search_term_string"}}],"inLanguage":"pl-PL"},{"@type":"Person","@id":"https:\/\/wroclawskie-kamienice.pl\/#\/schema\/person\/21fced558fdbcc1b64a74f1b4a21c592","name":"Ewelina Kodzis","image":{"@type":"ImageObject","inLanguage":"pl-PL","@id":"https:\/\/wroclawskie-kamienice.pl\/#\/schema\/person\/image\/","url":"https:\/\/secure.gravatar.com\/avatar\/4a7fc5b2885261c85e300a114cd565425fbc799e1f433806465ee256fa1738c9?s=96&d=mm&r=g","contentUrl":"https:\/\/secure.gravatar.com\/avatar\/4a7fc5b2885261c85e300a114cd565425fbc799e1f433806465ee256fa1738c9?s=96&d=mm&r=g","caption":"Ewelina Kodzis"},"description":"Filologia, dziennikarstwo, grafika i blogowanie. Opr\u00f3cz tego Wroc\u0142aw, muzyka, jesie\u0144 i koty. P\u00f3\u017aniej dopiero ca\u0142a reszta.","url":"https:\/\/wroclawskie-kamienice.pl\/index.php\/author\/admin6028\/"}]}},"_links":{"self":[{"href":"https:\/\/wroclawskie-kamienice.pl\/index.php\/wp-json\/wp\/v2\/posts\/25","targetHints":{"allow":["GET"]}}],"collection":[{"href":"https:\/\/wroclawskie-kamienice.pl\/index.php\/wp-json\/wp\/v2\/posts"}],"about":[{"href":"https:\/\/wroclawskie-kamienice.pl\/index.php\/wp-json\/wp\/v2\/types\/post"}],"author":[{"embeddable":true,"href":"https:\/\/wroclawskie-kamienice.pl\/index.php\/wp-json\/wp\/v2\/users\/1"}],"replies":[{"embeddable":true,"href":"https:\/\/wroclawskie-kamienice.pl\/index.php\/wp-json\/wp\/v2\/comments?post=25"}],"version-history":[{"count":1,"href":"https:\/\/wroclawskie-kamienice.pl\/index.php\/wp-json\/wp\/v2\/posts\/25\/revisions"}],"predecessor-version":[{"id":187,"href":"https:\/\/wroclawskie-kamienice.pl\/index.php\/wp-json\/wp\/v2\/posts\/25\/revisions\/187"}],"wp:featuredmedia":[{"embeddable":true,"href":"https:\/\/wroclawskie-kamienice.pl\/index.php\/wp-json\/wp\/v2\/media\/184"}],"wp:attachment":[{"href":"https:\/\/wroclawskie-kamienice.pl\/index.php\/wp-json\/wp\/v2\/media?parent=25"}],"wp:term":[{"taxonomy":"category","embeddable":true,"href":"https:\/\/wroclawskie-kamienice.pl\/index.php\/wp-json\/wp\/v2\/categories?post=25"},{"taxonomy":"post_tag","embeddable":true,"href":"https:\/\/wroclawskie-kamienice.pl\/index.php\/wp-json\/wp\/v2\/tags?post=25"}],"curies":[{"name":"wp","href":"https:\/\/api.w.org\/{rel}","templated":true}]}}