{"id":32,"date":"2015-07-15T12:29:00","date_gmt":"2015-07-15T10:29:00","guid":{"rendered":"http:\/\/wroclawskie-kamienice.pl\/index.php\/2015\/07\/15\/pulaskiego-i-malachowskiego-czy-bedzie-remont\/"},"modified":"2015-07-15T12:29:00","modified_gmt":"2015-07-15T10:29:00","slug":"pulaskiego-i-malachowskiego-czy-bedzie-remont","status":"publish","type":"post","link":"https:\/\/wroclawskie-kamienice.pl\/index.php\/2015\/07\/15\/pulaskiego-i-malachowskiego-czy-bedzie-remont\/","title":{"rendered":"Pu\u0142askiego i Ma\u0142achowskiego &#8211; czy b\u0119dzie remont?"},"content":{"rendered":"<div style=\"text-align: justify;\"><\/div>\n<div style=\"text-align: justify;\">W czerwcu z Warszawy przysz\u0142y interesuj\u0105ce wie\u015bci. Opublikowa\u0142a je  strona <a href=\"https:\/\/www.facebook.com\/CzerwonaListaZabytkow?fref=ts\" target=\"_blank\">Czerwona lista zabytk\u00f3w Dolnego \u015al\u0105ska<\/a>, jednak z racji tego, \u017ce  nie ka\u017cdy korzysta z dobrodziejstw Facebooka, za zgod\u0105 \u017ar\u00f3d\u0142a  postanowi\u0142am przekaza\u0107 informacj\u0119 i tutaj. <\/div>\n<div style=\"clear: both; text-align: center;\"><a href=\"http:\/\/4.bp.blogspot.com\/-jDscgRGH9bQ\/VaYsszANPrI\/AAAAAAAAETs\/1pzSesgalYw\/s1600\/11214337135_cd78cb9ff9_o.jpg\" style=\"margin-left: 1em; margin-right: 1em;\"><img loading=\"lazy\" decoding=\"async\" border=\"0\" height=\"430\" src=\"http:\/\/4.bp.blogspot.com\/-jDscgRGH9bQ\/VaYsszANPrI\/AAAAAAAAETs\/1pzSesgalYw\/s640\/11214337135_cd78cb9ff9_o.jpg\" width=\"640\" \/><\/a><\/div>\n<div style=\"text-align: justify;\"><\/div>\n<div style=\"text-align: justify;\"><a href=\"https:\/\/www.facebook.com\/CzerwonaListaZabytkow\/posts\/991391767558883\" target=\"_blank\">Czerwona lista zabytk\u00f3w Dolnego \u015al\u0105ska | 21 czerwca o 23:07 <\/a><\/p>\n<p>Pami\u0119tacie kamienice przy Pu\u0142askiego? Sprawa trafi\u0142a do s\u0105du i zako\u0144czy\u0142a si\u0119 w miniony pi\u0105tek wyrokiem. WSA orzek\u0142, \u017ce wszcz\u0119cie post\u0119powania ws. nakazu konserwatorskiego (MKZ odm\u00f3wi\u0142 wszcz\u0119cia takiego post\u0119powania), le\u017cy w interesie spo\u0142ecznym. A oto szczeg\u00f3\u0142y (informacja od pani Renaty Domaga\u0142y):<\/p>\n<p>Pod koniec 2013 roku w imieniu Stowarzyszenia \u201eMonitoring zabytk\u00f3w\u201d z\/s w Opolu wyst\u0105pi\u0142am do Miejskiego Konserwatora Zabytk\u00f3w o wszcz\u0119cie z urz\u0119du post\u0119powania w sprawie wydania tzw. nakazu konserwatorskiego (czyli decyzji z art. 49 ust. 1 u.o.z. nakazuj\u0105cej przeprowadzenie okre\u015blonych rob\u00f3t budowlanych lub prac konserwatorskich przy zabytku, w sytuacji, gdy zagra\u017ca mu zniszczenie) w stosunku do kamienic przy ul. Ma\u0142achowskiego 24, Pu\u0142askiego 73-81, stanowi\u0105cych cz\u0119\u015b\u0107 uk\u0142adu urbanistycznego Przedmie\u015bcia O\u0142awskiego wpisanego do rejestru zabytk\u00f3w. Jednocze\u015bnie wyst\u0105pi\u0142am o dopuszczenie Stowarzyszenia do udzia\u0142u w tym post\u0119powaniu.<\/p>\n<p>Gdzie\u015b w kwietniu 2014 r. MKZ wyda\u0142 postanowienie odmawiaj\u0105ce wszcz\u0119cia tego post\u0119powania, argumentuj\u0105c, \u017ce:<br \/>1) jeste\u015bmy stowarzyszeniem zwyk\u0142ym, a nie rejestrowym, dlatego wed\u0142ug MKZ nie mo\u017cemy \u017c\u0105da\u0107 wszcz\u0119cia tego post\u0119powania,<br \/>2) kamienice w mpzp przeznaczone s\u0105 do rozbi\u00f3rki, a wi\u0119c wydanie decyzji z art. 49 ust. 1 u.o.z. k\u0142oci si\u0119 z tymi planami,<br \/>3) kamienice nie s\u0105 indywidualnie wpisane do rejestru zabytk\u00f3w.<\/p>\n<p>Od tego postanowienia z\u0142o\u017cy\u0142am za\u017calenie do MKiDN. MKiDN utrzyma\u0142 w mocy zaskar\u017cone postanowienie, argumentuj\u0105c to m. in. tym, \u017ce w stosunku do budynk\u00f3w, kt\u00f3re nie s\u0105 wpisane indywidualnie do rejestru zabytk\u00f3w, a stanowi\u0105 cz\u0119\u015b\u0107 wi\u0119kszego zabytku &#8211; uk\u0142adu urbanistycznego \u2013 wpisanego do rejestru, nie jest mo\u017cliwe wydanie jednej decyzji w sytuacji, gdy budynki te stanowi\u0105 r\u00f3\u017cne nieruchomo\u015bci, kt\u00f3re maj\u0105 r\u00f3\u017cnych w\u0142a\u015bcicieli. Rzecz w tym, \u017ce budynki te wraz z dzia\u0142k\u0105 gruntu, na kt\u00f3rej s\u0105 po\u0142o\u017cone (dzia\u0142ka nr 90\/7), stanowi\u0105 jedn\u0105 nieruchomo\u015b\u0107 (zgodnie z Kodeksem cywilnym budynki na sta\u0142e zwi\u0105zane z nieruchomo\u015bci\u0105 gruntow\u0105, stanowi\u0105 cz\u0119\u015b\u0107 tej nieruchomo\u015bci, czyli w tym przypadku budynki na Ma\u0142achowskiego 24 i Pu\u0142askiego 73-81 stanowi\u0105 cz\u0119\u015b\u0107 dzia\u0142ki nr 90\/7). Budynki nie maj\u0105 r\u00f3\u017cnych w\u0142a\u015bcicieli, tylko jednego jedynego w\u0142a\u015bciciela \u2013 Gmin\u0119 Wroc\u0142aw. Potwierdza to ksi\u0119ga wieczysta WR1K\/00264089\/5, dost\u0119pna na stronie ms.gov.pl.<\/p>\n<p>Skarga do WSA w Warszawie g\u0142\u00f3wnie opiera\u0142a si\u0119 na dw\u00f3ch twierdzeniach:<br \/>1) zgodnie z art. 6 ust. 1 pkt 1 lit. b\/ u.o.z. zabytki b\u0119d\u0105ce uk\u0142adami urbanistycznymi podlegaj\u0105 ochronie i opiece bez wzgl\u0119du na stan zachowania. Zgodnie z art. 4 pkt 2 u.o.z. ochrona zabytku polega na dzia\u0142aniach zmierzaj\u0105cych do zapobie\u017cenia uszczerbkowi dla jego warto\u015bci.<br \/>Argumentowa\u0142am wi\u0119c, \u017ce skoro kamienice maj\u0105 zachowane detale architektoniczne \u015bwiadcz\u0105ce o ich warto\u015bci artystycznej, to ich wyburzenie lub popadanie w ruin\u0119 stanowi uszczerbek dla warto\u015bci artystycznej uk\u0142adu urbanistycznego.<br \/>2) Wbrew twierdzeniom MKiDN budynki stanowi\u0105 jedn\u0105 nieruchomo\u015b\u0107, kt\u00f3ra ma jednego w\u0142a\u015bciciela \u2013 Gmin\u0119 Wroc\u0142aw.<\/p>\n<p>S\u0105d wys\u0142ucha\u0142 mnie, wys\u0142ucha\u0142 drugiej strony (MKiDN reprezentowa\u0142 radca prawny) i orzek\u0142, \u017ce wszcz\u0119cie \u017c\u0105danego przez Stowarzyszenie post\u0119powania le\u017cy w interesie spo\u0142ecznym.<\/p>\n<p>Nale\u017cy jednak pami\u0119ta\u0107, \u017ce wyrok nie jest prawomocny. Nale\u017cy te\u017c pami\u0119ta\u0107, \u017ce nawet je\u015bli si\u0119 uprawomocni, to urz\u0119dy lubi\u0105 lekcewa\u017cy\u0107 wyroki (wiem to z do\u015bwiadczenia). Tak wi\u0119c cieszy\u0107 si\u0119 b\u0119d\u0119 dopiero wtedy, kiedy te kamienice zostan\u0105 przez Miasto wyremontowane. Mimo wszystko \u2013 jak napisa\u0142am na FB \u2013 ich szanse na przetrwanie si\u0119 zwi\u0119kszy\u0142y. <\/p>\n<p><\/div>\n","protected":false},"excerpt":{"rendered":"<p>W czerwcu z Warszawy przysz\u0142y interesuj\u0105ce wie\u015bci. Opublikowa\u0142a je strona Czerwona lista zabytk\u00f3w Dolnego \u015al\u0105ska, jednak z racji tego, \u017ce<\/p>\n","protected":false},"author":1,"featured_media":0,"comment_status":"open","ping_status":"open","sticky":false,"template":"","format":"standard","meta":{"ngg_post_thumbnail":0,"footnotes":""},"categories":[104,18,106,107,105,9,24],"tags":[],"class_list":["post-32","post","type-post","status-publish","format-standard","hentry","category-do-wyburzenia","category-kamienice","category-malachowskiego","category-monitoring-zabytkow","category-pulaskiego","category-remont","category-wroclaw"],"yoast_head":"<!-- This site is optimized with the Yoast SEO plugin v25.1 - https:\/\/yoast.com\/wordpress\/plugins\/seo\/ -->\n<title>Pu\u0142askiego i Ma\u0142achowskiego - czy b\u0119dzie remont? | Wroc\u0142awskie Kamienice<\/title>\n<meta name=\"robots\" content=\"index, follow, max-snippet:-1, max-image-preview:large, max-video-preview:-1\" \/>\n<link rel=\"canonical\" href=\"https:\/\/wroclawskie-kamienice.pl\/index.php\/2015\/07\/15\/pulaskiego-i-malachowskiego-czy-bedzie-remont\/\" \/>\n<meta property=\"og:locale\" content=\"pl_PL\" \/>\n<meta property=\"og:type\" content=\"article\" \/>\n<meta property=\"og:title\" content=\"Pu\u0142askiego i Ma\u0142achowskiego - czy b\u0119dzie remont? | Wroc\u0142awskie Kamienice\" \/>\n<meta property=\"og:description\" content=\"W czerwcu z Warszawy przysz\u0142y interesuj\u0105ce wie\u015bci. Opublikowa\u0142a je strona Czerwona lista zabytk\u00f3w Dolnego \u015al\u0105ska, jednak z racji tego, \u017ce\" \/>\n<meta property=\"og:url\" content=\"https:\/\/wroclawskie-kamienice.pl\/index.php\/2015\/07\/15\/pulaskiego-i-malachowskiego-czy-bedzie-remont\/\" \/>\n<meta property=\"og:site_name\" content=\"Wroc\u0142awskie Kamienice\" \/>\n<meta property=\"article:publisher\" content=\"https:\/\/www.facebook.com\/wroclawskie.kamienice\" \/>\n<meta property=\"article:published_time\" content=\"2015-07-15T10:29:00+00:00\" \/>\n<meta property=\"og:image\" content=\"http:\/\/4.bp.blogspot.com\/-jDscgRGH9bQ\/VaYsszANPrI\/AAAAAAAAETs\/1pzSesgalYw\/s640\/11214337135_cd78cb9ff9_o.jpg\" \/>\n<meta name=\"author\" content=\"Ewelina Kodzis\" \/>\n<meta name=\"twitter:card\" content=\"summary_large_image\" \/>\n<meta name=\"twitter:label1\" content=\"Napisane przez\" \/>\n\t<meta name=\"twitter:data1\" content=\"Ewelina Kodzis\" \/>\n\t<meta name=\"twitter:label2\" content=\"Szacowany czas czytania\" \/>\n\t<meta name=\"twitter:data2\" content=\"3 minuty\" \/>\n<script type=\"application\/ld+json\" class=\"yoast-schema-graph\">{\"@context\":\"https:\/\/schema.org\",\"@graph\":[{\"@type\":\"WebPage\",\"@id\":\"https:\/\/wroclawskie-kamienice.pl\/index.php\/2015\/07\/15\/pulaskiego-i-malachowskiego-czy-bedzie-remont\/\",\"url\":\"https:\/\/wroclawskie-kamienice.pl\/index.php\/2015\/07\/15\/pulaskiego-i-malachowskiego-czy-bedzie-remont\/\",\"name\":\"Pu\u0142askiego i Ma\u0142achowskiego - czy b\u0119dzie remont? | Wroc\u0142awskie Kamienice\",\"isPartOf\":{\"@id\":\"https:\/\/wroclawskie-kamienice.pl\/#website\"},\"primaryImageOfPage\":{\"@id\":\"https:\/\/wroclawskie-kamienice.pl\/index.php\/2015\/07\/15\/pulaskiego-i-malachowskiego-czy-bedzie-remont\/#primaryimage\"},\"image\":{\"@id\":\"https:\/\/wroclawskie-kamienice.pl\/index.php\/2015\/07\/15\/pulaskiego-i-malachowskiego-czy-bedzie-remont\/#primaryimage\"},\"thumbnailUrl\":\"http:\/\/4.bp.blogspot.com\/-jDscgRGH9bQ\/VaYsszANPrI\/AAAAAAAAETs\/1pzSesgalYw\/s640\/11214337135_cd78cb9ff9_o.jpg\",\"datePublished\":\"2015-07-15T10:29:00+00:00\",\"author\":{\"@id\":\"https:\/\/wroclawskie-kamienice.pl\/#\/schema\/person\/21fced558fdbcc1b64a74f1b4a21c592\"},\"breadcrumb\":{\"@id\":\"https:\/\/wroclawskie-kamienice.pl\/index.php\/2015\/07\/15\/pulaskiego-i-malachowskiego-czy-bedzie-remont\/#breadcrumb\"},\"inLanguage\":\"pl-PL\",\"potentialAction\":[{\"@type\":\"ReadAction\",\"target\":[\"https:\/\/wroclawskie-kamienice.pl\/index.php\/2015\/07\/15\/pulaskiego-i-malachowskiego-czy-bedzie-remont\/\"]}]},{\"@type\":\"ImageObject\",\"inLanguage\":\"pl-PL\",\"@id\":\"https:\/\/wroclawskie-kamienice.pl\/index.php\/2015\/07\/15\/pulaskiego-i-malachowskiego-czy-bedzie-remont\/#primaryimage\",\"url\":\"http:\/\/4.bp.blogspot.com\/-jDscgRGH9bQ\/VaYsszANPrI\/AAAAAAAAETs\/1pzSesgalYw\/s640\/11214337135_cd78cb9ff9_o.jpg\",\"contentUrl\":\"http:\/\/4.bp.blogspot.com\/-jDscgRGH9bQ\/VaYsszANPrI\/AAAAAAAAETs\/1pzSesgalYw\/s640\/11214337135_cd78cb9ff9_o.jpg\"},{\"@type\":\"BreadcrumbList\",\"@id\":\"https:\/\/wroclawskie-kamienice.pl\/index.php\/2015\/07\/15\/pulaskiego-i-malachowskiego-czy-bedzie-remont\/#breadcrumb\",\"itemListElement\":[{\"@type\":\"ListItem\",\"position\":1,\"name\":\"Strona g\u0142\u00f3wna\",\"item\":\"https:\/\/wroclawskie-kamienice.pl\/\"},{\"@type\":\"ListItem\",\"position\":2,\"name\":\"Pu\u0142askiego i&nbsp;Ma\u0142achowskiego &#8211; czy&nbsp;b\u0119dzie remont?\"}]},{\"@type\":\"WebSite\",\"@id\":\"https:\/\/wroclawskie-kamienice.pl\/#website\",\"url\":\"https:\/\/wroclawskie-kamienice.pl\/\",\"name\":\"Wroc\u0142awskie Kamienice\",\"description\":\"\",\"potentialAction\":[{\"@type\":\"SearchAction\",\"target\":{\"@type\":\"EntryPoint\",\"urlTemplate\":\"https:\/\/wroclawskie-kamienice.pl\/?s={search_term_string}\"},\"query-input\":{\"@type\":\"PropertyValueSpecification\",\"valueRequired\":true,\"valueName\":\"search_term_string\"}}],\"inLanguage\":\"pl-PL\"},{\"@type\":\"Person\",\"@id\":\"https:\/\/wroclawskie-kamienice.pl\/#\/schema\/person\/21fced558fdbcc1b64a74f1b4a21c592\",\"name\":\"Ewelina Kodzis\",\"image\":{\"@type\":\"ImageObject\",\"inLanguage\":\"pl-PL\",\"@id\":\"https:\/\/wroclawskie-kamienice.pl\/#\/schema\/person\/image\/\",\"url\":\"https:\/\/secure.gravatar.com\/avatar\/4a7fc5b2885261c85e300a114cd565425fbc799e1f433806465ee256fa1738c9?s=96&d=mm&r=g\",\"contentUrl\":\"https:\/\/secure.gravatar.com\/avatar\/4a7fc5b2885261c85e300a114cd565425fbc799e1f433806465ee256fa1738c9?s=96&d=mm&r=g\",\"caption\":\"Ewelina Kodzis\"},\"description\":\"Filologia, dziennikarstwo, grafika i blogowanie. Opr\u00f3cz tego Wroc\u0142aw, muzyka, jesie\u0144 i koty. P\u00f3\u017aniej dopiero ca\u0142a reszta.\",\"url\":\"https:\/\/wroclawskie-kamienice.pl\/index.php\/author\/admin6028\/\"}]}<\/script>\n<!-- \/ Yoast SEO plugin. -->","yoast_head_json":{"title":"Pu\u0142askiego i Ma\u0142achowskiego - czy b\u0119dzie remont? | Wroc\u0142awskie Kamienice","robots":{"index":"index","follow":"follow","max-snippet":"max-snippet:-1","max-image-preview":"max-image-preview:large","max-video-preview":"max-video-preview:-1"},"canonical":"https:\/\/wroclawskie-kamienice.pl\/index.php\/2015\/07\/15\/pulaskiego-i-malachowskiego-czy-bedzie-remont\/","og_locale":"pl_PL","og_type":"article","og_title":"Pu\u0142askiego i Ma\u0142achowskiego - czy b\u0119dzie remont? | Wroc\u0142awskie Kamienice","og_description":"W czerwcu z Warszawy przysz\u0142y interesuj\u0105ce wie\u015bci. Opublikowa\u0142a je strona Czerwona lista zabytk\u00f3w Dolnego \u015al\u0105ska, jednak z racji tego, \u017ce","og_url":"https:\/\/wroclawskie-kamienice.pl\/index.php\/2015\/07\/15\/pulaskiego-i-malachowskiego-czy-bedzie-remont\/","og_site_name":"Wroc\u0142awskie Kamienice","article_publisher":"https:\/\/www.facebook.com\/wroclawskie.kamienice","article_published_time":"2015-07-15T10:29:00+00:00","og_image":[{"url":"http:\/\/4.bp.blogspot.com\/-jDscgRGH9bQ\/VaYsszANPrI\/AAAAAAAAETs\/1pzSesgalYw\/s640\/11214337135_cd78cb9ff9_o.jpg","type":"","width":"","height":""}],"author":"Ewelina Kodzis","twitter_card":"summary_large_image","twitter_misc":{"Napisane przez":"Ewelina Kodzis","Szacowany czas czytania":"3 minuty"},"schema":{"@context":"https:\/\/schema.org","@graph":[{"@type":"WebPage","@id":"https:\/\/wroclawskie-kamienice.pl\/index.php\/2015\/07\/15\/pulaskiego-i-malachowskiego-czy-bedzie-remont\/","url":"https:\/\/wroclawskie-kamienice.pl\/index.php\/2015\/07\/15\/pulaskiego-i-malachowskiego-czy-bedzie-remont\/","name":"Pu\u0142askiego i Ma\u0142achowskiego - czy b\u0119dzie remont? | Wroc\u0142awskie Kamienice","isPartOf":{"@id":"https:\/\/wroclawskie-kamienice.pl\/#website"},"primaryImageOfPage":{"@id":"https:\/\/wroclawskie-kamienice.pl\/index.php\/2015\/07\/15\/pulaskiego-i-malachowskiego-czy-bedzie-remont\/#primaryimage"},"image":{"@id":"https:\/\/wroclawskie-kamienice.pl\/index.php\/2015\/07\/15\/pulaskiego-i-malachowskiego-czy-bedzie-remont\/#primaryimage"},"thumbnailUrl":"http:\/\/4.bp.blogspot.com\/-jDscgRGH9bQ\/VaYsszANPrI\/AAAAAAAAETs\/1pzSesgalYw\/s640\/11214337135_cd78cb9ff9_o.jpg","datePublished":"2015-07-15T10:29:00+00:00","author":{"@id":"https:\/\/wroclawskie-kamienice.pl\/#\/schema\/person\/21fced558fdbcc1b64a74f1b4a21c592"},"breadcrumb":{"@id":"https:\/\/wroclawskie-kamienice.pl\/index.php\/2015\/07\/15\/pulaskiego-i-malachowskiego-czy-bedzie-remont\/#breadcrumb"},"inLanguage":"pl-PL","potentialAction":[{"@type":"ReadAction","target":["https:\/\/wroclawskie-kamienice.pl\/index.php\/2015\/07\/15\/pulaskiego-i-malachowskiego-czy-bedzie-remont\/"]}]},{"@type":"ImageObject","inLanguage":"pl-PL","@id":"https:\/\/wroclawskie-kamienice.pl\/index.php\/2015\/07\/15\/pulaskiego-i-malachowskiego-czy-bedzie-remont\/#primaryimage","url":"http:\/\/4.bp.blogspot.com\/-jDscgRGH9bQ\/VaYsszANPrI\/AAAAAAAAETs\/1pzSesgalYw\/s640\/11214337135_cd78cb9ff9_o.jpg","contentUrl":"http:\/\/4.bp.blogspot.com\/-jDscgRGH9bQ\/VaYsszANPrI\/AAAAAAAAETs\/1pzSesgalYw\/s640\/11214337135_cd78cb9ff9_o.jpg"},{"@type":"BreadcrumbList","@id":"https:\/\/wroclawskie-kamienice.pl\/index.php\/2015\/07\/15\/pulaskiego-i-malachowskiego-czy-bedzie-remont\/#breadcrumb","itemListElement":[{"@type":"ListItem","position":1,"name":"Strona g\u0142\u00f3wna","item":"https:\/\/wroclawskie-kamienice.pl\/"},{"@type":"ListItem","position":2,"name":"Pu\u0142askiego i&nbsp;Ma\u0142achowskiego &#8211; czy&nbsp;b\u0119dzie remont?"}]},{"@type":"WebSite","@id":"https:\/\/wroclawskie-kamienice.pl\/#website","url":"https:\/\/wroclawskie-kamienice.pl\/","name":"Wroc\u0142awskie Kamienice","description":"","potentialAction":[{"@type":"SearchAction","target":{"@type":"EntryPoint","urlTemplate":"https:\/\/wroclawskie-kamienice.pl\/?s={search_term_string}"},"query-input":{"@type":"PropertyValueSpecification","valueRequired":true,"valueName":"search_term_string"}}],"inLanguage":"pl-PL"},{"@type":"Person","@id":"https:\/\/wroclawskie-kamienice.pl\/#\/schema\/person\/21fced558fdbcc1b64a74f1b4a21c592","name":"Ewelina Kodzis","image":{"@type":"ImageObject","inLanguage":"pl-PL","@id":"https:\/\/wroclawskie-kamienice.pl\/#\/schema\/person\/image\/","url":"https:\/\/secure.gravatar.com\/avatar\/4a7fc5b2885261c85e300a114cd565425fbc799e1f433806465ee256fa1738c9?s=96&d=mm&r=g","contentUrl":"https:\/\/secure.gravatar.com\/avatar\/4a7fc5b2885261c85e300a114cd565425fbc799e1f433806465ee256fa1738c9?s=96&d=mm&r=g","caption":"Ewelina Kodzis"},"description":"Filologia, dziennikarstwo, grafika i blogowanie. Opr\u00f3cz tego Wroc\u0142aw, muzyka, jesie\u0144 i koty. P\u00f3\u017aniej dopiero ca\u0142a reszta.","url":"https:\/\/wroclawskie-kamienice.pl\/index.php\/author\/admin6028\/"}]}},"_links":{"self":[{"href":"https:\/\/wroclawskie-kamienice.pl\/index.php\/wp-json\/wp\/v2\/posts\/32","targetHints":{"allow":["GET"]}}],"collection":[{"href":"https:\/\/wroclawskie-kamienice.pl\/index.php\/wp-json\/wp\/v2\/posts"}],"about":[{"href":"https:\/\/wroclawskie-kamienice.pl\/index.php\/wp-json\/wp\/v2\/types\/post"}],"author":[{"embeddable":true,"href":"https:\/\/wroclawskie-kamienice.pl\/index.php\/wp-json\/wp\/v2\/users\/1"}],"replies":[{"embeddable":true,"href":"https:\/\/wroclawskie-kamienice.pl\/index.php\/wp-json\/wp\/v2\/comments?post=32"}],"version-history":[{"count":0,"href":"https:\/\/wroclawskie-kamienice.pl\/index.php\/wp-json\/wp\/v2\/posts\/32\/revisions"}],"wp:attachment":[{"href":"https:\/\/wroclawskie-kamienice.pl\/index.php\/wp-json\/wp\/v2\/media?parent=32"}],"wp:term":[{"taxonomy":"category","embeddable":true,"href":"https:\/\/wroclawskie-kamienice.pl\/index.php\/wp-json\/wp\/v2\/categories?post=32"},{"taxonomy":"post_tag","embeddable":true,"href":"https:\/\/wroclawskie-kamienice.pl\/index.php\/wp-json\/wp\/v2\/tags?post=32"}],"curies":[{"name":"wp","href":"https:\/\/api.w.org\/{rel}","templated":true}]}}