{"id":34,"date":"2015-05-24T22:02:00","date_gmt":"2015-05-24T20:02:00","guid":{"rendered":"http:\/\/wroclawskie-kamienice.pl\/index.php\/2015\/05\/24\/kamienice-niczyje\/"},"modified":"2015-05-24T22:02:00","modified_gmt":"2015-05-24T20:02:00","slug":"kamienice-niczyje","status":"publish","type":"post","link":"https:\/\/wroclawskie-kamienice.pl\/index.php\/2015\/05\/24\/kamienice-niczyje\/","title":{"rendered":"Kamienice niczyje"},"content":{"rendered":"<p><\/p>\n<div style=\"text-align: justify;\">\n<div style=\"text-align: right;\"><\/div>\n<table cellpadding=\"0\" cellspacing=\"0\" style=\"float: left; margin-right: 1em; text-align: left;\">\n<tbody>\n<tr>\n<td style=\"text-align: center;\"><a href=\"http:\/\/3.bp.blogspot.com\/-Jk_1mcl6bqU\/VWIxvsLfckI\/AAAAAAAABto\/DWb3BASRTDo\/s1600\/IMG_0876.jpg\" style=\"clear: left; margin-bottom: 1em; margin-left: auto; margin-right: auto;\"><img loading=\"lazy\" decoding=\"async\" border=\"0\" height=\"133\" src=\"http:\/\/3.bp.blogspot.com\/-Jk_1mcl6bqU\/VWIxvsLfckI\/AAAAAAAABto\/DWb3BASRTDo\/s200\/IMG_0876.jpg\" width=\"200\" \/><\/a><\/td>\n<\/tr>\n<tr>\n<td style=\"text-align: center;\"><\/td>\n<\/tr>\n<\/tbody>\n<\/table>\n<p>Zwykle staram si\u0119 pokaza\u0107 Wam co pi\u0119knego znalaz\u0142am we wroc\u0142awskich ceglanych staruszkach. Skupiam si\u0119 na sztukateriach, imponuj\u0105cych bramach, koronkowych schodach. Zas\u0142ona milczenia mi\u0142osiernie skrywa upiorne akty wandalizmu, samowolk\u0119 w wymianie stolarki okiennej i u\u0142a\u0144sk\u0105 fantazj\u0119 w zakresie zagospodarowywania wsp\u00f3lnej przestrzeni klatek schodowych. Podczas mojego &#8222;kamienicowania&#8221; niecz\u0119sto mam okazj\u0119, by zajrze\u0107 do mieszka\u0144 i przekona\u0107 si\u0119, ile warstw wsp\u00f3\u0142czesno\u015bci na\u0142o\u017cy\u0142o si\u0119 na dostojne \u015bciany. Z moich obserwacji wynika jednak, \u017ce niekt\u00f3re mieszkania zdaj\u0105 si\u0119 nic sobie nie robi\u0107 z up\u0142ywaj\u0105cych dekad i zmian styl\u00f3w wystroju wn\u0119trz. Czy to z zami\u0142owania, czy z zaniedbania, czy z przyzwyczajenia &#8211; w wielu lokalach mieszka\u0144cy pozostawiaj\u0105 oryginalne elementy. A te porastaj\u0105 kurzem i kolejnymi warstwami farb. Albo&#8230; znikaj\u0105.<\/p>\n<table cellpadding=\"0\" cellspacing=\"0\" style=\"float: right; margin-left: 1em; text-align: right;\">\n<tbody>\n<tr>\n<td style=\"text-align: center;\"><a href=\"http:\/\/2.bp.blogspot.com\/-VmruFrr7des\/VWIi5l9JEzI\/AAAAAAAABsk\/JFb43bQr-d4\/s1600\/_B219423.JPG\" style=\"clear: right; margin-bottom: 1em; margin-left: auto; margin-right: auto;\"><img loading=\"lazy\" decoding=\"async\" border=\"0\" height=\"200\" src=\"http:\/\/2.bp.blogspot.com\/-VmruFrr7des\/VWIi5l9JEzI\/AAAAAAAABsk\/JFb43bQr-d4\/s200\/_B219423.JPG\" width=\"150\" \/><\/a><\/td>\n<\/tr>\n<tr>\n<td style=\"text-align: center;\">fot. Agnieszka M.<\/td>\n<\/tr>\n<\/tbody>\n<\/table>\n<p>S z t u k a t e r i e&nbsp; n a&nbsp; w y n o s <\/div>\n<div style=\"text-align: justify;\">Kiedy\u015b na Facebooku kamienic udost\u0119pni\u0142am link do og\u0142oszenia znalezionego na popularnym portalu sprzeda\u017cowym. Z tre\u015bci og\u0142oszenia wynika\u0142o, \u017ce pewien pan z wroc\u0142awskiego \u015ar\u00f3dmie\u015bcia ma na sprzeda\u017c&#8230; sztukaterie ze swojego mieszkania. By\u0142o r\u00f3wnie\u017c zapewnienie, \u017ce je\u015bli nie znajdzie si\u0119 kupiec, to elementy zostan\u0105 zniszczone (Taktyka: &#8222;P\u0142a\u0107cie, albo je zabij\u0119&#8221;. Tylko czeka\u0107 na zdj\u0119cia przera\u017conych sztukaterii czy anonimowe przesy\u0142ki z poodcinanymi fragmentami zdobie\u0144&#8230;). To zdecydowanie za ma\u0142o informacji, by m\u00f3c z czystym sumieniem wyci\u0105gn\u0105\u0107 wid\u0142y i dokona\u0107 samos\u0105du. Mo\u017ce kamienica idzie do rozbi\u00f3rki? W obliczu faktu, \u017ce Wroc\u0142aw nie ma czego\u015b w stylu banku detali architektonicznych, faktycznie lepiej je jakkolwiek uchroni\u0107 przed zniszczeniem. Jednak wrodzona nieufno\u015b\u0107 (a mo\u017ce smutne do\u015bwiadczenia?) podsuwa mi inny scenariusz. Szaber Breslau trwa nieprzerwanie od 1945 roku, a w ca\u0142ej tej kl\u0119sce urodzaju, jak\u0105 pod wzgl\u0119dem kamienic mo\u017ce pochwali\u0107 si\u0119 Wroc\u0142aw, powoli ogarnia nas znieczulica.<\/p>\n<\/div>\n<div style=\"text-align: justify;\">N i c z y j e <\/p>\n<table cellpadding=\"0\" cellspacing=\"0\" style=\"float: right; margin-left: 1em; text-align: right;\">\n<tbody>\n<tr>\n<td style=\"text-align: center;\"><a href=\"http:\/\/4.bp.blogspot.com\/-fx_DcEidRS0\/VWIeLoYER6I\/AAAAAAAABsM\/dQb-Xi1V1I8\/s1600\/_B219417.JPG\" style=\"clear: right; margin-bottom: 1em; margin-left: auto; margin-right: auto;\"><img loading=\"lazy\" decoding=\"async\" border=\"0\" height=\"200\" src=\"http:\/\/4.bp.blogspot.com\/-fx_DcEidRS0\/VWIeLoYER6I\/AAAAAAAABsM\/dQb-Xi1V1I8\/s200\/_B219417.JPG\" width=\"150\" \/><\/a><\/td>\n<\/tr>\n<tr>\n<td style=\"text-align: center;\">fot. Agnieszka M.<\/td>\n<\/tr>\n<\/tbody>\n<\/table>\n<p>Jak wiele oryginalnych element\u00f3w ginie z kamienicznych mieszka\u0144? Co uleg\u0142o zniszczeniu ze staro\u015bci i zaniedbania, a co zosta\u0142o z rozmys\u0142em spieni\u0119\u017cone lub usuni\u0119te, bo nie pasowa\u0142o do kwadratowej sofy z Ikea? Strach pomy\u015ble\u0107. Gwo\u017adziem do trumny dla wielu pi\u0119knych mieszka\u0144 jest to, \u017ce s\u0105 &#8222;niczyje&#8221;, czyli miasta. Koszta remontu takich cudowno\u015bci to skarbonka bez dna, a osoby zamieszkuj\u0105ce w lokalach komunalnych zwykle nie nale\u017c\u0105 do maj\u0119tnych i same niejednokrotnie potrzebuj\u0105 pomocy, a co dopiero m\u00f3wi\u0107 o inwestowaniu w mieszkanie, kt\u00f3re de facto do nich nie nale\u017cy.<\/p>\n<table cellpadding=\"0\" cellspacing=\"0\" style=\"float: left; margin-right: 1em; text-align: left;\">\n<tbody>\n<tr>\n<td style=\"text-align: center;\"><a href=\"http:\/\/2.bp.blogspot.com\/-R8qYqLR_cBU\/VWIg8mMdR8I\/AAAAAAAABsY\/0PlYptNslAU\/s1600\/_B219426.JPG\" style=\"clear: left; margin-bottom: 1em; margin-left: auto; margin-right: auto;\"><img loading=\"lazy\" decoding=\"async\" border=\"0\" height=\"200\" src=\"http:\/\/2.bp.blogspot.com\/-R8qYqLR_cBU\/VWIg8mMdR8I\/AAAAAAAABsY\/0PlYptNslAU\/s200\/_B219426.JPG\" width=\"150\" \/><\/a><\/td>\n<\/tr>\n<tr>\n<td style=\"text-align: center;\">fot. Agnieszka M.<\/td>\n<\/tr>\n<\/tbody>\n<\/table>\n<p>Kilka lat temu moja znajoma rozgl\u0105da\u0142a si\u0119 za lokum dla swojej rodzinki. To, co zasta\u0142a w niekt\u00f3rych mieszkaniach wyzwala\u0142o ch\u0119\u0107 przeprowadzenia remontu z kategorii &#8222;ogniem i mieczem!&#8221; &#8211; zdezynfekowa\u0107 i wpu\u015bci\u0107 buldo\u017cery. Tylko wprawne i wyczulone oko dostrze\u017ce, \u017ce gdzie\u015b na suficie majacz\u0105 resztki sztukaterii, dostojne drzwi zas\u0142uguj\u0105 na drug\u0105 m\u0142odo\u015b\u0107, a pod\u0142oga, gdyby tak ujrza\u0142a \u015bwiat\u0142o dzienne&#8230; Pytanie: kto ma na to czas i pieni\u0105dze, by w tym chlewie szuka\u0107 pere\u0142? W ten spos\u00f3b kolejne mieszkania trac\u0105 sw\u00f3j wyj\u0105tkowy klimat. <\/p>\n<p>S z u k a j c i e,&nbsp; a . . .<\/p>\n<table cellpadding=\"0\" cellspacing=\"0\" style=\"float: right; margin-left: 1em; text-align: right;\">\n<tbody>\n<tr>\n<td style=\"text-align: center;\"><a href=\"http:\/\/2.bp.blogspot.com\/-IavLZcXCQc0\/VWIsDJQZ9RI\/AAAAAAAABtQ\/sEWRehM3GxA\/s1600\/DSC08775.jpeg\" style=\"clear: right; margin-bottom: 1em; margin-left: auto; margin-right: auto;\"><img loading=\"lazy\" decoding=\"async\" border=\"0\" height=\"133\" src=\"http:\/\/2.bp.blogspot.com\/-IavLZcXCQc0\/VWIsDJQZ9RI\/AAAAAAAABtQ\/sEWRehM3GxA\/s200\/DSC08775.jpeg\" width=\"200\" \/><\/a><\/td>\n<\/tr>\n<tr>\n<td style=\"text-align: center;\">fot. Grzegorz B.<\/td>\n<\/tr>\n<\/tbody>\n<\/table>\n<p>Wiem, \u017ce to, co pokaza\u0142am na zdj\u0119ciach od Agnieszki, to nie jest jaki\u015b kamieniczny standard, ale zwyczajnie szkoda mi tych mieszka\u0144, kt\u00f3re &#8222;mia\u0142y pecha&#8221;. Nie chc\u0119 jednak ko\u0144czy\u0107 notki tak pesymistycznym akcentem. Wertuj\u0105c otrzymane od Was e-maile si\u0119gn\u0119\u0142am do archiwum, w kt\u00f3rym znalaz\u0142am m.in. list od pana Grzegorza, mieszka\u0144ca mojej ulubionej kamienicy przy <a href=\"http:\/\/wroclawskie-kamienice.blogspot.com\/2011\/08\/ul-krasinskiego-2123.html\" target=\"_blank\">Krasi\u0144skiego<\/a>, kt\u00f3ry podzieli\u0142 si\u0119 ze mn\u0105 kilkoma zdj\u0119ciami z remontu mieszkania &#8211; w tym fotk\u0105 swojego niezwyk\u0142ego &#8222;odkrycia&#8221; pod kilometrami farby na pod\u0142odze. Serce ro\u015bcie&#8230; \ud83d\ude09<\/p>\n<p>Jestem ciekawa, czy kto\u015b z Was porwa\u0142 si\u0119 na tak\u0105 stajni\u0119 Augiasza i doprowadzi\u0142 j\u0105 do stanu u\u017cywalno\u015bci, a przy tym zdo\u0142a\u0142 zachowa\u0107 kilka smaczk\u00f3w rodem z Breslau? Piszcie w komentarzach lub na maila, wszelkie wspomnienia mile widziane :).<\/p>\n<\/div>\n","protected":false},"excerpt":{"rendered":"<p>Zwykle staram si\u0119 pokaza\u0107 Wam co pi\u0119knego znalaz\u0142am we wroc\u0142awskich ceglanych staruszkach. Skupiam si\u0119 na sztukateriach, imponuj\u0105cych bramach, koronkowych schodach.<\/p>\n","protected":false},"author":1,"featured_media":0,"comment_status":"open","ping_status":"open","sticky":false,"template":"","format":"standard","meta":{"ngg_post_thumbnail":0,"footnotes":""},"categories":[64,9,62,49,96,61,108,45],"tags":[],"class_list":["post-34","post","type-post","status-publish","format-standard","hentry","category-mieszkanie","category-remont","category-remont-mieszkania","category-remont-mieszkania-w-kamienicy","category-ruina","category-stolarka-drzwiowa","category-stolarka-okienna","category-sztukaterie"],"yoast_head":"<!-- This site is optimized with the Yoast SEO plugin v25.1 - https:\/\/yoast.com\/wordpress\/plugins\/seo\/ -->\n<title>Kamienice niczyje | Wroc\u0142awskie Kamienice<\/title>\n<meta name=\"robots\" content=\"index, follow, max-snippet:-1, max-image-preview:large, max-video-preview:-1\" \/>\n<link rel=\"canonical\" href=\"https:\/\/wroclawskie-kamienice.pl\/index.php\/2015\/05\/24\/kamienice-niczyje\/\" \/>\n<meta property=\"og:locale\" content=\"pl_PL\" \/>\n<meta property=\"og:type\" content=\"article\" \/>\n<meta property=\"og:title\" content=\"Kamienice niczyje | Wroc\u0142awskie Kamienice\" \/>\n<meta property=\"og:description\" content=\"Zwykle staram si\u0119 pokaza\u0107 Wam co pi\u0119knego znalaz\u0142am we wroc\u0142awskich ceglanych staruszkach. Skupiam si\u0119 na sztukateriach, imponuj\u0105cych bramach, koronkowych schodach.\" \/>\n<meta property=\"og:url\" content=\"https:\/\/wroclawskie-kamienice.pl\/index.php\/2015\/05\/24\/kamienice-niczyje\/\" \/>\n<meta property=\"og:site_name\" content=\"Wroc\u0142awskie Kamienice\" \/>\n<meta property=\"article:publisher\" content=\"https:\/\/www.facebook.com\/wroclawskie.kamienice\" \/>\n<meta property=\"article:published_time\" content=\"2015-05-24T20:02:00+00:00\" \/>\n<meta property=\"og:image\" content=\"http:\/\/3.bp.blogspot.com\/-Jk_1mcl6bqU\/VWIxvsLfckI\/AAAAAAAABto\/DWb3BASRTDo\/s200\/IMG_0876.jpg\" \/>\n<meta name=\"author\" content=\"Ewelina Kodzis\" \/>\n<meta name=\"twitter:card\" content=\"summary_large_image\" \/>\n<meta name=\"twitter:label1\" content=\"Napisane przez\" \/>\n\t<meta name=\"twitter:data1\" content=\"Ewelina Kodzis\" \/>\n\t<meta name=\"twitter:label2\" content=\"Szacowany czas czytania\" \/>\n\t<meta name=\"twitter:data2\" content=\"3 minuty\" \/>\n<script type=\"application\/ld+json\" class=\"yoast-schema-graph\">{\"@context\":\"https:\/\/schema.org\",\"@graph\":[{\"@type\":\"WebPage\",\"@id\":\"https:\/\/wroclawskie-kamienice.pl\/index.php\/2015\/05\/24\/kamienice-niczyje\/\",\"url\":\"https:\/\/wroclawskie-kamienice.pl\/index.php\/2015\/05\/24\/kamienice-niczyje\/\",\"name\":\"Kamienice niczyje | Wroc\u0142awskie Kamienice\",\"isPartOf\":{\"@id\":\"https:\/\/wroclawskie-kamienice.pl\/#website\"},\"primaryImageOfPage\":{\"@id\":\"https:\/\/wroclawskie-kamienice.pl\/index.php\/2015\/05\/24\/kamienice-niczyje\/#primaryimage\"},\"image\":{\"@id\":\"https:\/\/wroclawskie-kamienice.pl\/index.php\/2015\/05\/24\/kamienice-niczyje\/#primaryimage\"},\"thumbnailUrl\":\"http:\/\/3.bp.blogspot.com\/-Jk_1mcl6bqU\/VWIxvsLfckI\/AAAAAAAABto\/DWb3BASRTDo\/s200\/IMG_0876.jpg\",\"datePublished\":\"2015-05-24T20:02:00+00:00\",\"author\":{\"@id\":\"https:\/\/wroclawskie-kamienice.pl\/#\/schema\/person\/21fced558fdbcc1b64a74f1b4a21c592\"},\"breadcrumb\":{\"@id\":\"https:\/\/wroclawskie-kamienice.pl\/index.php\/2015\/05\/24\/kamienice-niczyje\/#breadcrumb\"},\"inLanguage\":\"pl-PL\",\"potentialAction\":[{\"@type\":\"ReadAction\",\"target\":[\"https:\/\/wroclawskie-kamienice.pl\/index.php\/2015\/05\/24\/kamienice-niczyje\/\"]}]},{\"@type\":\"ImageObject\",\"inLanguage\":\"pl-PL\",\"@id\":\"https:\/\/wroclawskie-kamienice.pl\/index.php\/2015\/05\/24\/kamienice-niczyje\/#primaryimage\",\"url\":\"http:\/\/3.bp.blogspot.com\/-Jk_1mcl6bqU\/VWIxvsLfckI\/AAAAAAAABto\/DWb3BASRTDo\/s200\/IMG_0876.jpg\",\"contentUrl\":\"http:\/\/3.bp.blogspot.com\/-Jk_1mcl6bqU\/VWIxvsLfckI\/AAAAAAAABto\/DWb3BASRTDo\/s200\/IMG_0876.jpg\"},{\"@type\":\"BreadcrumbList\",\"@id\":\"https:\/\/wroclawskie-kamienice.pl\/index.php\/2015\/05\/24\/kamienice-niczyje\/#breadcrumb\",\"itemListElement\":[{\"@type\":\"ListItem\",\"position\":1,\"name\":\"Strona g\u0142\u00f3wna\",\"item\":\"https:\/\/wroclawskie-kamienice.pl\/\"},{\"@type\":\"ListItem\",\"position\":2,\"name\":\"Kamienice niczyje\"}]},{\"@type\":\"WebSite\",\"@id\":\"https:\/\/wroclawskie-kamienice.pl\/#website\",\"url\":\"https:\/\/wroclawskie-kamienice.pl\/\",\"name\":\"Wroc\u0142awskie Kamienice\",\"description\":\"\",\"potentialAction\":[{\"@type\":\"SearchAction\",\"target\":{\"@type\":\"EntryPoint\",\"urlTemplate\":\"https:\/\/wroclawskie-kamienice.pl\/?s={search_term_string}\"},\"query-input\":{\"@type\":\"PropertyValueSpecification\",\"valueRequired\":true,\"valueName\":\"search_term_string\"}}],\"inLanguage\":\"pl-PL\"},{\"@type\":\"Person\",\"@id\":\"https:\/\/wroclawskie-kamienice.pl\/#\/schema\/person\/21fced558fdbcc1b64a74f1b4a21c592\",\"name\":\"Ewelina Kodzis\",\"image\":{\"@type\":\"ImageObject\",\"inLanguage\":\"pl-PL\",\"@id\":\"https:\/\/wroclawskie-kamienice.pl\/#\/schema\/person\/image\/\",\"url\":\"https:\/\/secure.gravatar.com\/avatar\/4a7fc5b2885261c85e300a114cd565425fbc799e1f433806465ee256fa1738c9?s=96&d=mm&r=g\",\"contentUrl\":\"https:\/\/secure.gravatar.com\/avatar\/4a7fc5b2885261c85e300a114cd565425fbc799e1f433806465ee256fa1738c9?s=96&d=mm&r=g\",\"caption\":\"Ewelina Kodzis\"},\"description\":\"Filologia, dziennikarstwo, grafika i blogowanie. Opr\u00f3cz tego Wroc\u0142aw, muzyka, jesie\u0144 i koty. P\u00f3\u017aniej dopiero ca\u0142a reszta.\",\"url\":\"https:\/\/wroclawskie-kamienice.pl\/index.php\/author\/admin6028\/\"}]}<\/script>\n<!-- \/ Yoast SEO plugin. -->","yoast_head_json":{"title":"Kamienice niczyje | Wroc\u0142awskie Kamienice","robots":{"index":"index","follow":"follow","max-snippet":"max-snippet:-1","max-image-preview":"max-image-preview:large","max-video-preview":"max-video-preview:-1"},"canonical":"https:\/\/wroclawskie-kamienice.pl\/index.php\/2015\/05\/24\/kamienice-niczyje\/","og_locale":"pl_PL","og_type":"article","og_title":"Kamienice niczyje | Wroc\u0142awskie Kamienice","og_description":"Zwykle staram si\u0119 pokaza\u0107 Wam co pi\u0119knego znalaz\u0142am we wroc\u0142awskich ceglanych staruszkach. Skupiam si\u0119 na sztukateriach, imponuj\u0105cych bramach, koronkowych schodach.","og_url":"https:\/\/wroclawskie-kamienice.pl\/index.php\/2015\/05\/24\/kamienice-niczyje\/","og_site_name":"Wroc\u0142awskie Kamienice","article_publisher":"https:\/\/www.facebook.com\/wroclawskie.kamienice","article_published_time":"2015-05-24T20:02:00+00:00","og_image":[{"url":"http:\/\/3.bp.blogspot.com\/-Jk_1mcl6bqU\/VWIxvsLfckI\/AAAAAAAABto\/DWb3BASRTDo\/s200\/IMG_0876.jpg","type":"","width":"","height":""}],"author":"Ewelina Kodzis","twitter_card":"summary_large_image","twitter_misc":{"Napisane przez":"Ewelina Kodzis","Szacowany czas czytania":"3 minuty"},"schema":{"@context":"https:\/\/schema.org","@graph":[{"@type":"WebPage","@id":"https:\/\/wroclawskie-kamienice.pl\/index.php\/2015\/05\/24\/kamienice-niczyje\/","url":"https:\/\/wroclawskie-kamienice.pl\/index.php\/2015\/05\/24\/kamienice-niczyje\/","name":"Kamienice niczyje | Wroc\u0142awskie Kamienice","isPartOf":{"@id":"https:\/\/wroclawskie-kamienice.pl\/#website"},"primaryImageOfPage":{"@id":"https:\/\/wroclawskie-kamienice.pl\/index.php\/2015\/05\/24\/kamienice-niczyje\/#primaryimage"},"image":{"@id":"https:\/\/wroclawskie-kamienice.pl\/index.php\/2015\/05\/24\/kamienice-niczyje\/#primaryimage"},"thumbnailUrl":"http:\/\/3.bp.blogspot.com\/-Jk_1mcl6bqU\/VWIxvsLfckI\/AAAAAAAABto\/DWb3BASRTDo\/s200\/IMG_0876.jpg","datePublished":"2015-05-24T20:02:00+00:00","author":{"@id":"https:\/\/wroclawskie-kamienice.pl\/#\/schema\/person\/21fced558fdbcc1b64a74f1b4a21c592"},"breadcrumb":{"@id":"https:\/\/wroclawskie-kamienice.pl\/index.php\/2015\/05\/24\/kamienice-niczyje\/#breadcrumb"},"inLanguage":"pl-PL","potentialAction":[{"@type":"ReadAction","target":["https:\/\/wroclawskie-kamienice.pl\/index.php\/2015\/05\/24\/kamienice-niczyje\/"]}]},{"@type":"ImageObject","inLanguage":"pl-PL","@id":"https:\/\/wroclawskie-kamienice.pl\/index.php\/2015\/05\/24\/kamienice-niczyje\/#primaryimage","url":"http:\/\/3.bp.blogspot.com\/-Jk_1mcl6bqU\/VWIxvsLfckI\/AAAAAAAABto\/DWb3BASRTDo\/s200\/IMG_0876.jpg","contentUrl":"http:\/\/3.bp.blogspot.com\/-Jk_1mcl6bqU\/VWIxvsLfckI\/AAAAAAAABto\/DWb3BASRTDo\/s200\/IMG_0876.jpg"},{"@type":"BreadcrumbList","@id":"https:\/\/wroclawskie-kamienice.pl\/index.php\/2015\/05\/24\/kamienice-niczyje\/#breadcrumb","itemListElement":[{"@type":"ListItem","position":1,"name":"Strona g\u0142\u00f3wna","item":"https:\/\/wroclawskie-kamienice.pl\/"},{"@type":"ListItem","position":2,"name":"Kamienice niczyje"}]},{"@type":"WebSite","@id":"https:\/\/wroclawskie-kamienice.pl\/#website","url":"https:\/\/wroclawskie-kamienice.pl\/","name":"Wroc\u0142awskie Kamienice","description":"","potentialAction":[{"@type":"SearchAction","target":{"@type":"EntryPoint","urlTemplate":"https:\/\/wroclawskie-kamienice.pl\/?s={search_term_string}"},"query-input":{"@type":"PropertyValueSpecification","valueRequired":true,"valueName":"search_term_string"}}],"inLanguage":"pl-PL"},{"@type":"Person","@id":"https:\/\/wroclawskie-kamienice.pl\/#\/schema\/person\/21fced558fdbcc1b64a74f1b4a21c592","name":"Ewelina Kodzis","image":{"@type":"ImageObject","inLanguage":"pl-PL","@id":"https:\/\/wroclawskie-kamienice.pl\/#\/schema\/person\/image\/","url":"https:\/\/secure.gravatar.com\/avatar\/4a7fc5b2885261c85e300a114cd565425fbc799e1f433806465ee256fa1738c9?s=96&d=mm&r=g","contentUrl":"https:\/\/secure.gravatar.com\/avatar\/4a7fc5b2885261c85e300a114cd565425fbc799e1f433806465ee256fa1738c9?s=96&d=mm&r=g","caption":"Ewelina Kodzis"},"description":"Filologia, dziennikarstwo, grafika i blogowanie. Opr\u00f3cz tego Wroc\u0142aw, muzyka, jesie\u0144 i koty. P\u00f3\u017aniej dopiero ca\u0142a reszta.","url":"https:\/\/wroclawskie-kamienice.pl\/index.php\/author\/admin6028\/"}]}},"_links":{"self":[{"href":"https:\/\/wroclawskie-kamienice.pl\/index.php\/wp-json\/wp\/v2\/posts\/34","targetHints":{"allow":["GET"]}}],"collection":[{"href":"https:\/\/wroclawskie-kamienice.pl\/index.php\/wp-json\/wp\/v2\/posts"}],"about":[{"href":"https:\/\/wroclawskie-kamienice.pl\/index.php\/wp-json\/wp\/v2\/types\/post"}],"author":[{"embeddable":true,"href":"https:\/\/wroclawskie-kamienice.pl\/index.php\/wp-json\/wp\/v2\/users\/1"}],"replies":[{"embeddable":true,"href":"https:\/\/wroclawskie-kamienice.pl\/index.php\/wp-json\/wp\/v2\/comments?post=34"}],"version-history":[{"count":0,"href":"https:\/\/wroclawskie-kamienice.pl\/index.php\/wp-json\/wp\/v2\/posts\/34\/revisions"}],"wp:attachment":[{"href":"https:\/\/wroclawskie-kamienice.pl\/index.php\/wp-json\/wp\/v2\/media?parent=34"}],"wp:term":[{"taxonomy":"category","embeddable":true,"href":"https:\/\/wroclawskie-kamienice.pl\/index.php\/wp-json\/wp\/v2\/categories?post=34"},{"taxonomy":"post_tag","embeddable":true,"href":"https:\/\/wroclawskie-kamienice.pl\/index.php\/wp-json\/wp\/v2\/tags?post=34"}],"curies":[{"name":"wp","href":"https:\/\/api.w.org\/{rel}","templated":true}]}}