{"id":38,"date":"2014-12-11T00:02:00","date_gmt":"2014-12-10T23:02:00","guid":{"rendered":"http:\/\/wroclawskie-kamienice.pl\/index.php\/2014\/12\/11\/zlote-gody-czyli-pamiatki-z-breslau\/"},"modified":"2020-09-09T12:22:28","modified_gmt":"2020-09-09T10:22:28","slug":"zlote-gody-czyli-pamiatki-z-breslau","status":"publish","type":"post","link":"https:\/\/wroclawskie-kamienice.pl\/index.php\/2014\/12\/11\/zlote-gody-czyli-pamiatki-z-breslau\/","title":{"rendered":"Z\u0142ote gody, czyli pami\u0105tki z Breslau"},"content":{"rendered":"\n<h2 class=\"has-cyan-bluish-gray-color has-text-color wp-block-heading\">Brama by\u0142a zwykle otwarta, &#8222;\u017ceby si\u0119 wietrzy\u0142o&#8221;. Czy pomaga\u0142o &#8211; trudno powiedzie\u0107, bo zapach wilgotnych cegie\u0142 po prostu poch\u0142ania\u0142 ka\u017cdego, kto tylko przekroczy\u0142 pr\u00f3g.<\/h2>\n\n\n\n<p>Schody z lekko uginaj\u0105cych si\u0119 desek, trzeszcz\u0105ca balustrada pomalowana zielon\u0105 farb\u0105, szeroki, niski parapet przy wielkim oknie na klatce schodowej.\u00a0 Drzwi do mieszka\u0144 &#8211; pe\u0142en eklektyzm. Ale by\u0142y i te stare, z szybkami wstydliwie zas\u0142oni\u0119tymi firankami, tymi starymi, z grubych splot\u00f3w. Na ka\u017cdym pi\u0119trze mieszka\u0142a czyja\u015b babcia (przez co jako dziecko rozwa\u017ca\u0142am istnienie jakiej\u015b pradawnej, magicznej zale\u017cno\u015bci, \u017ce babcie po prostu musz\u0105 mieszka\u0107 w kamienicach, to taki naturalny habitat os\u00f3b 70+). Czasami nawet babcia z dziadkiem, cho\u0107 dziadkowie byli raczej towarem deficytowym.<\/p>\n\n\n\n<h6 class=\"has-vivid-red-color has-text-color wp-block-heading\">\u017bycie w kamienicy<\/h6>\n\n\n\n<p>Wycieczki do kamienicy, w kt\u00f3rej mieszka\u0142a rodzicielka mojej rodzicielki wspominam z rozrzewnieniem. By\u0142o troch\u0119 jak w du\u017cym rodzinnym domu. Nie tylko brama by\u0142a otwarta. Bawi\u0105c si\u0119 na podw\u00f3rku z grup\u0105 dzieciak\u00f3w wiedzia\u0142am, \u017ce w razie czego (i nie mam tu zaraz na my\u015bli wy\u0142\u0105cznie jakiego\u015b strasznego kataklizmu, ale te\u017c i rozbite kolano czy nag\u0142e zapotrzebowanie na co\u015b do picia ;)) mog\u0119 zapuka\u0107 do dowolnych drzwi.<\/p>\n\n\n\n<p>W niekt\u00f3rych mieszkaniach czas si\u0119 zatrzyma\u0142. Drewniane toaletki, pi\u0119kne witryny z fazowanymi szybkami, ci\u0119\u017ckie, zdobione krzes\u0142a. W innych pyszni\u0142y si\u0119 kredensy z lat 50., takie na wysoki po\u0142ysk. Niekt\u00f3rzy poszli z duchem czasu, kupili meblo\u015bcianki i z lubo\u015bci\u0105 wype\u0142niali je kryszta\u0142owymi wazonami. Ale wysokie stropy, szerokie deski na pod\u0142odze, charakterystyczne w\u0142\u0105czniki \u015bwiat\u0142a, skrzynkowe okna i wielkie kaflowe piece nie pozwala\u0142y zapomnie\u0107, \u017ce to kamienica. Niekiedy nawet dobitnie mo\u017cna by\u0142o odczu\u0107, \u017ce to kamienica poniemiecka. Napisy na skrzynkach, fragmenty starych gazet i wreszcie przedmioty. Takie zdecydowanie nie z tej bajki, np. ogromna \u017celiwna wanna na n\u00f3\u017ckach (a w\u0142a\u015bciwie \u0142apkach). Jak ja za ni\u0105 teraz t\u0119skni\u0119! Niestety, ponad dwadzie\u015bcia lat temu te wszystkie smaczki wzbudza\u0142y we mnie takie emocje jak w rybie Luwr.\u00a0<\/p>\n\n\n\n<h6 class=\"has-vivid-red-color has-text-color wp-block-heading\">Pami\u0105tki z Breslau<\/h6>\n\n\n\n<p>Teraz po tamtej kamienicy zosta\u0142 tylko plac zaro\u015bni\u0119ty traw\u0105. <\/p>\n\n\n\n<p>Dopiero niedawno przypomnia\u0142am sobie o mojej \u00f3wczesnej ulubionej zabawce znalezionej gdzie\u015b w starym mieszkaniu babci. S\u0105dzi\u0142am, \u017ce mam bujn\u0105 wyobra\u017ani\u0119, ale teraz nie umiem powiedzie\u0107, do czego mi ta rzecz w\u0142a\u015bciwie s\u0142u\u017cy\u0142a.<\/p>\n\n\n\n<figure class=\"wp-block-image size-large is-resized\"><img loading=\"lazy\" decoding=\"async\" src=\"http:\/\/wroclawskie-kamienice.pl\/wp-content\/uploads\/2020\/09\/image.png\" alt=\"Pami\u0105tki z Breslau\" class=\"wp-image-2946\" width=\"1139\" height=\"742\"\/><figcaption>fot. Ewelina Kodzis<\/figcaption><\/figure>\n\n\n\n<p>Napis na awersie g\u0142osi: &#8222;Seid fr\u00f6hlich in Hoffnung, geduldig in Tr\u00fcbsal, haltet an am Gebet&#8221;, czyli &#8222;B\u0105d\u017acie rado\u015bni w nadziei, cierpliwi w strapieniu, pozosta\u0144cie w modlitwie&#8221;. Na rewersie ju\u017c sam konkret: <a href=\"https:\/\/pl.wikipedia.org\/wiki\/Ewangelicki_Ko%C5%9Bci%C3%B3%C5%82_Unii_Staropruskiej\">Die Evangelische Kirche der Altpreu\u00dfischen Union<\/a> * Zur Goldenen Hochzeit (Ko\u015bci\u00f3\u0142 Ewangelicki Unii Staropruskiej * Z okazji z\u0142otych god\u00f3w).<\/p>\n\n\n\n<p>Wujek Google twierdzi, \u017ce to lata 20. XX w.<\/p>\n\n\n\n<figure class=\"wp-block-image size-large is-resized\"><img loading=\"lazy\" decoding=\"async\" src=\"http:\/\/wroclawskie-kamienice.pl\/wp-content\/uploads\/2020\/09\/image-1.png\" alt=\"Pami\u0105tki z Breslau\" class=\"wp-image-2947\" width=\"1139\" height=\"733\"\/><figcaption>fot. Ewelina Kodzis<\/figcaption><\/figure>\n\n\n\n<p>Co robi\u0142a ta pami\u0105tka gdzie\u015b w jednej z wroc\u0142awskich kamienic? Jak potoczy\u0142y si\u0119 losy os\u00f3b, kt\u00f3re zosta\u0142y ni\u0105 uhonorowane? Czy mieszkanie zajmowane przez moj\u0105 babci\u0119 nale\u017ca\u0142o do nich, czy do ich dzieci lub dalszej rodziny? Jaka by\u0142a ta para, kt\u00f3ra prze\u017cy\u0142a wsp\u00f3lnie przynajmniej 50 lat? Czy zasta\u0142o ich w Breslau piek\u0142o wojny? Nigdy nie uda mi si\u0119 tego dowiedzie\u0107, ale pytania i tak natr\u0119tnie si\u0119 k\u0142\u0119bi\u0105, mno\u017c\u0105, wracaj\u0105 i przyprowadzaj\u0105 ze sob\u0105 swoich znajomych.<\/p>\n\n\n\n<p>Macie w domu takie rzeczy, kt\u00f3re ostentacyjnie wspominaj\u0105 swoich poprzednich w\u0142a\u015bcicieli? Poczt\u00f3wki, meble, zdj\u0119cia, drobiazgi&#8230;? Pami\u0105tki z Breslau? Dajcie zna\u0107 w komentarzach. <a href=\"http:\/\/wroclawskie-kamienice.pl\/\">Wroc\u0142awskie kamienice<\/a> chc\u0105 pozna\u0107 Wasze historie! :))<\/p>\n","protected":false},"excerpt":{"rendered":"<p>Brama by\u0142a zwykle otwarta, &#8222;\u017ceby si\u0119 wietrzy\u0142o&#8221;. Czy pomaga\u0142o &#8211; trudno powiedzie\u0107, bo zapach wilgotnych cegie\u0142 po prostu poch\u0142ania\u0142 ka\u017cdego,<\/p>\n","protected":false},"author":1,"featured_media":2948,"comment_status":"open","ping_status":"open","sticky":false,"template":"","format":"standard","meta":{"ngg_post_thumbnail":0,"footnotes":""},"categories":[10,117,83,116],"tags":[],"class_list":["post-38","post","type-post","status-publish","format-standard","has-post-thumbnail","hentry","category-breslau","category-kosciol-ewangelicki-unii-staropruskiej","category-pamiatki-z-breslau","category-zlote-gody"],"yoast_head":"<!-- This site is optimized with the Yoast SEO plugin v25.1 - https:\/\/yoast.com\/wordpress\/plugins\/seo\/ -->\n<title>Z\u0142ote gody, czyli pami\u0105tki z Breslau | Wroc\u0142awskie Kamienice<\/title>\n<meta name=\"description\" content=\"Macie w domu takie rzeczy, kt\u00f3re ostentacyjnie wspominaj\u0105 swoich poprzednich w\u0142a\u015bcicieli? Pami\u0105tki z Breslau?\" \/>\n<meta name=\"robots\" content=\"index, follow, max-snippet:-1, max-image-preview:large, max-video-preview:-1\" \/>\n<link rel=\"canonical\" href=\"https:\/\/wroclawskie-kamienice.pl\/index.php\/2014\/12\/11\/zlote-gody-czyli-pamiatki-z-breslau\/\" \/>\n<meta property=\"og:locale\" content=\"pl_PL\" \/>\n<meta property=\"og:type\" content=\"article\" \/>\n<meta property=\"og:title\" content=\"Z\u0142ote gody, czyli pami\u0105tki z Breslau | Wroc\u0142awskie Kamienice\" \/>\n<meta property=\"og:description\" content=\"Macie w domu takie rzeczy, kt\u00f3re ostentacyjnie wspominaj\u0105 swoich poprzednich w\u0142a\u015bcicieli? Pami\u0105tki z Breslau?\" \/>\n<meta property=\"og:url\" content=\"https:\/\/wroclawskie-kamienice.pl\/index.php\/2014\/12\/11\/zlote-gody-czyli-pamiatki-z-breslau\/\" \/>\n<meta property=\"og:site_name\" content=\"Wroc\u0142awskie Kamienice\" \/>\n<meta property=\"article:publisher\" content=\"https:\/\/www.facebook.com\/wroclawskie.kamienice\" \/>\n<meta property=\"article:published_time\" content=\"2014-12-10T23:02:00+00:00\" \/>\n<meta property=\"article:modified_time\" content=\"2020-09-09T10:22:28+00:00\" \/>\n<meta property=\"og:image\" content=\"https:\/\/wroclawskie-kamienice.pl\/wp-content\/uploads\/2014\/12\/laura-fuhrman-73OJLcahQHg-unsplash-scaled.jpg\" \/>\n\t<meta property=\"og:image:width\" content=\"2560\" \/>\n\t<meta property=\"og:image:height\" content=\"1707\" \/>\n\t<meta property=\"og:image:type\" content=\"image\/jpeg\" \/>\n<meta name=\"author\" content=\"Ewelina Kodzis\" \/>\n<meta name=\"twitter:card\" content=\"summary_large_image\" \/>\n<meta name=\"twitter:label1\" content=\"Napisane przez\" \/>\n\t<meta name=\"twitter:data1\" content=\"Ewelina Kodzis\" \/>\n\t<meta name=\"twitter:label2\" content=\"Szacowany czas czytania\" \/>\n\t<meta name=\"twitter:data2\" content=\"3 minuty\" \/>\n<script type=\"application\/ld+json\" class=\"yoast-schema-graph\">{\"@context\":\"https:\/\/schema.org\",\"@graph\":[{\"@type\":\"WebPage\",\"@id\":\"https:\/\/wroclawskie-kamienice.pl\/index.php\/2014\/12\/11\/zlote-gody-czyli-pamiatki-z-breslau\/\",\"url\":\"https:\/\/wroclawskie-kamienice.pl\/index.php\/2014\/12\/11\/zlote-gody-czyli-pamiatki-z-breslau\/\",\"name\":\"Z\u0142ote gody, czyli pami\u0105tki z Breslau | Wroc\u0142awskie Kamienice\",\"isPartOf\":{\"@id\":\"https:\/\/wroclawskie-kamienice.pl\/#website\"},\"primaryImageOfPage\":{\"@id\":\"https:\/\/wroclawskie-kamienice.pl\/index.php\/2014\/12\/11\/zlote-gody-czyli-pamiatki-z-breslau\/#primaryimage\"},\"image\":{\"@id\":\"https:\/\/wroclawskie-kamienice.pl\/index.php\/2014\/12\/11\/zlote-gody-czyli-pamiatki-z-breslau\/#primaryimage\"},\"thumbnailUrl\":\"https:\/\/wroclawskie-kamienice.pl\/wp-content\/uploads\/2014\/12\/laura-fuhrman-73OJLcahQHg-unsplash-scaled.jpg\",\"datePublished\":\"2014-12-10T23:02:00+00:00\",\"dateModified\":\"2020-09-09T10:22:28+00:00\",\"author\":{\"@id\":\"https:\/\/wroclawskie-kamienice.pl\/#\/schema\/person\/21fced558fdbcc1b64a74f1b4a21c592\"},\"description\":\"Macie w domu takie rzeczy, kt\u00f3re ostentacyjnie wspominaj\u0105 swoich poprzednich w\u0142a\u015bcicieli? Pami\u0105tki z Breslau?\",\"breadcrumb\":{\"@id\":\"https:\/\/wroclawskie-kamienice.pl\/index.php\/2014\/12\/11\/zlote-gody-czyli-pamiatki-z-breslau\/#breadcrumb\"},\"inLanguage\":\"pl-PL\",\"potentialAction\":[{\"@type\":\"ReadAction\",\"target\":[\"https:\/\/wroclawskie-kamienice.pl\/index.php\/2014\/12\/11\/zlote-gody-czyli-pamiatki-z-breslau\/\"]}]},{\"@type\":\"ImageObject\",\"inLanguage\":\"pl-PL\",\"@id\":\"https:\/\/wroclawskie-kamienice.pl\/index.php\/2014\/12\/11\/zlote-gody-czyli-pamiatki-z-breslau\/#primaryimage\",\"url\":\"https:\/\/wroclawskie-kamienice.pl\/wp-content\/uploads\/2014\/12\/laura-fuhrman-73OJLcahQHg-unsplash-scaled.jpg\",\"contentUrl\":\"https:\/\/wroclawskie-kamienice.pl\/wp-content\/uploads\/2014\/12\/laura-fuhrman-73OJLcahQHg-unsplash-scaled.jpg\",\"width\":2560,\"height\":1707,\"caption\":\"Photo by Laura Fuhrman on Unsplash\"},{\"@type\":\"BreadcrumbList\",\"@id\":\"https:\/\/wroclawskie-kamienice.pl\/index.php\/2014\/12\/11\/zlote-gody-czyli-pamiatki-z-breslau\/#breadcrumb\",\"itemListElement\":[{\"@type\":\"ListItem\",\"position\":1,\"name\":\"Strona g\u0142\u00f3wna\",\"item\":\"https:\/\/wroclawskie-kamienice.pl\/\"},{\"@type\":\"ListItem\",\"position\":2,\"name\":\"Z\u0142ote gody, czyli pami\u0105tki z&nbsp;Breslau\"}]},{\"@type\":\"WebSite\",\"@id\":\"https:\/\/wroclawskie-kamienice.pl\/#website\",\"url\":\"https:\/\/wroclawskie-kamienice.pl\/\",\"name\":\"Wroc\u0142awskie Kamienice\",\"description\":\"\",\"potentialAction\":[{\"@type\":\"SearchAction\",\"target\":{\"@type\":\"EntryPoint\",\"urlTemplate\":\"https:\/\/wroclawskie-kamienice.pl\/?s={search_term_string}\"},\"query-input\":{\"@type\":\"PropertyValueSpecification\",\"valueRequired\":true,\"valueName\":\"search_term_string\"}}],\"inLanguage\":\"pl-PL\"},{\"@type\":\"Person\",\"@id\":\"https:\/\/wroclawskie-kamienice.pl\/#\/schema\/person\/21fced558fdbcc1b64a74f1b4a21c592\",\"name\":\"Ewelina Kodzis\",\"image\":{\"@type\":\"ImageObject\",\"inLanguage\":\"pl-PL\",\"@id\":\"https:\/\/wroclawskie-kamienice.pl\/#\/schema\/person\/image\/\",\"url\":\"https:\/\/secure.gravatar.com\/avatar\/4a7fc5b2885261c85e300a114cd565425fbc799e1f433806465ee256fa1738c9?s=96&d=mm&r=g\",\"contentUrl\":\"https:\/\/secure.gravatar.com\/avatar\/4a7fc5b2885261c85e300a114cd565425fbc799e1f433806465ee256fa1738c9?s=96&d=mm&r=g\",\"caption\":\"Ewelina Kodzis\"},\"description\":\"Filologia, dziennikarstwo, grafika i blogowanie. Opr\u00f3cz tego Wroc\u0142aw, muzyka, jesie\u0144 i koty. P\u00f3\u017aniej dopiero ca\u0142a reszta.\",\"url\":\"https:\/\/wroclawskie-kamienice.pl\/index.php\/author\/admin6028\/\"}]}<\/script>\n<!-- \/ Yoast SEO plugin. -->","yoast_head_json":{"title":"Z\u0142ote gody, czyli pami\u0105tki z Breslau | Wroc\u0142awskie Kamienice","description":"Macie w domu takie rzeczy, kt\u00f3re ostentacyjnie wspominaj\u0105 swoich poprzednich w\u0142a\u015bcicieli? Pami\u0105tki z Breslau?","robots":{"index":"index","follow":"follow","max-snippet":"max-snippet:-1","max-image-preview":"max-image-preview:large","max-video-preview":"max-video-preview:-1"},"canonical":"https:\/\/wroclawskie-kamienice.pl\/index.php\/2014\/12\/11\/zlote-gody-czyli-pamiatki-z-breslau\/","og_locale":"pl_PL","og_type":"article","og_title":"Z\u0142ote gody, czyli pami\u0105tki z Breslau | Wroc\u0142awskie Kamienice","og_description":"Macie w domu takie rzeczy, kt\u00f3re ostentacyjnie wspominaj\u0105 swoich poprzednich w\u0142a\u015bcicieli? Pami\u0105tki z Breslau?","og_url":"https:\/\/wroclawskie-kamienice.pl\/index.php\/2014\/12\/11\/zlote-gody-czyli-pamiatki-z-breslau\/","og_site_name":"Wroc\u0142awskie Kamienice","article_publisher":"https:\/\/www.facebook.com\/wroclawskie.kamienice","article_published_time":"2014-12-10T23:02:00+00:00","article_modified_time":"2020-09-09T10:22:28+00:00","og_image":[{"width":2560,"height":1707,"url":"https:\/\/wroclawskie-kamienice.pl\/wp-content\/uploads\/2014\/12\/laura-fuhrman-73OJLcahQHg-unsplash-scaled.jpg","type":"image\/jpeg"}],"author":"Ewelina Kodzis","twitter_card":"summary_large_image","twitter_misc":{"Napisane przez":"Ewelina Kodzis","Szacowany czas czytania":"3 minuty"},"schema":{"@context":"https:\/\/schema.org","@graph":[{"@type":"WebPage","@id":"https:\/\/wroclawskie-kamienice.pl\/index.php\/2014\/12\/11\/zlote-gody-czyli-pamiatki-z-breslau\/","url":"https:\/\/wroclawskie-kamienice.pl\/index.php\/2014\/12\/11\/zlote-gody-czyli-pamiatki-z-breslau\/","name":"Z\u0142ote gody, czyli pami\u0105tki z Breslau | Wroc\u0142awskie Kamienice","isPartOf":{"@id":"https:\/\/wroclawskie-kamienice.pl\/#website"},"primaryImageOfPage":{"@id":"https:\/\/wroclawskie-kamienice.pl\/index.php\/2014\/12\/11\/zlote-gody-czyli-pamiatki-z-breslau\/#primaryimage"},"image":{"@id":"https:\/\/wroclawskie-kamienice.pl\/index.php\/2014\/12\/11\/zlote-gody-czyli-pamiatki-z-breslau\/#primaryimage"},"thumbnailUrl":"https:\/\/wroclawskie-kamienice.pl\/wp-content\/uploads\/2014\/12\/laura-fuhrman-73OJLcahQHg-unsplash-scaled.jpg","datePublished":"2014-12-10T23:02:00+00:00","dateModified":"2020-09-09T10:22:28+00:00","author":{"@id":"https:\/\/wroclawskie-kamienice.pl\/#\/schema\/person\/21fced558fdbcc1b64a74f1b4a21c592"},"description":"Macie w domu takie rzeczy, kt\u00f3re ostentacyjnie wspominaj\u0105 swoich poprzednich w\u0142a\u015bcicieli? Pami\u0105tki z Breslau?","breadcrumb":{"@id":"https:\/\/wroclawskie-kamienice.pl\/index.php\/2014\/12\/11\/zlote-gody-czyli-pamiatki-z-breslau\/#breadcrumb"},"inLanguage":"pl-PL","potentialAction":[{"@type":"ReadAction","target":["https:\/\/wroclawskie-kamienice.pl\/index.php\/2014\/12\/11\/zlote-gody-czyli-pamiatki-z-breslau\/"]}]},{"@type":"ImageObject","inLanguage":"pl-PL","@id":"https:\/\/wroclawskie-kamienice.pl\/index.php\/2014\/12\/11\/zlote-gody-czyli-pamiatki-z-breslau\/#primaryimage","url":"https:\/\/wroclawskie-kamienice.pl\/wp-content\/uploads\/2014\/12\/laura-fuhrman-73OJLcahQHg-unsplash-scaled.jpg","contentUrl":"https:\/\/wroclawskie-kamienice.pl\/wp-content\/uploads\/2014\/12\/laura-fuhrman-73OJLcahQHg-unsplash-scaled.jpg","width":2560,"height":1707,"caption":"Photo by Laura Fuhrman on Unsplash"},{"@type":"BreadcrumbList","@id":"https:\/\/wroclawskie-kamienice.pl\/index.php\/2014\/12\/11\/zlote-gody-czyli-pamiatki-z-breslau\/#breadcrumb","itemListElement":[{"@type":"ListItem","position":1,"name":"Strona g\u0142\u00f3wna","item":"https:\/\/wroclawskie-kamienice.pl\/"},{"@type":"ListItem","position":2,"name":"Z\u0142ote gody, czyli pami\u0105tki z&nbsp;Breslau"}]},{"@type":"WebSite","@id":"https:\/\/wroclawskie-kamienice.pl\/#website","url":"https:\/\/wroclawskie-kamienice.pl\/","name":"Wroc\u0142awskie Kamienice","description":"","potentialAction":[{"@type":"SearchAction","target":{"@type":"EntryPoint","urlTemplate":"https:\/\/wroclawskie-kamienice.pl\/?s={search_term_string}"},"query-input":{"@type":"PropertyValueSpecification","valueRequired":true,"valueName":"search_term_string"}}],"inLanguage":"pl-PL"},{"@type":"Person","@id":"https:\/\/wroclawskie-kamienice.pl\/#\/schema\/person\/21fced558fdbcc1b64a74f1b4a21c592","name":"Ewelina Kodzis","image":{"@type":"ImageObject","inLanguage":"pl-PL","@id":"https:\/\/wroclawskie-kamienice.pl\/#\/schema\/person\/image\/","url":"https:\/\/secure.gravatar.com\/avatar\/4a7fc5b2885261c85e300a114cd565425fbc799e1f433806465ee256fa1738c9?s=96&d=mm&r=g","contentUrl":"https:\/\/secure.gravatar.com\/avatar\/4a7fc5b2885261c85e300a114cd565425fbc799e1f433806465ee256fa1738c9?s=96&d=mm&r=g","caption":"Ewelina Kodzis"},"description":"Filologia, dziennikarstwo, grafika i blogowanie. Opr\u00f3cz tego Wroc\u0142aw, muzyka, jesie\u0144 i koty. P\u00f3\u017aniej dopiero ca\u0142a reszta.","url":"https:\/\/wroclawskie-kamienice.pl\/index.php\/author\/admin6028\/"}]}},"_links":{"self":[{"href":"https:\/\/wroclawskie-kamienice.pl\/index.php\/wp-json\/wp\/v2\/posts\/38","targetHints":{"allow":["GET"]}}],"collection":[{"href":"https:\/\/wroclawskie-kamienice.pl\/index.php\/wp-json\/wp\/v2\/posts"}],"about":[{"href":"https:\/\/wroclawskie-kamienice.pl\/index.php\/wp-json\/wp\/v2\/types\/post"}],"author":[{"embeddable":true,"href":"https:\/\/wroclawskie-kamienice.pl\/index.php\/wp-json\/wp\/v2\/users\/1"}],"replies":[{"embeddable":true,"href":"https:\/\/wroclawskie-kamienice.pl\/index.php\/wp-json\/wp\/v2\/comments?post=38"}],"version-history":[{"count":2,"href":"https:\/\/wroclawskie-kamienice.pl\/index.php\/wp-json\/wp\/v2\/posts\/38\/revisions"}],"predecessor-version":[{"id":2967,"href":"https:\/\/wroclawskie-kamienice.pl\/index.php\/wp-json\/wp\/v2\/posts\/38\/revisions\/2967"}],"wp:featuredmedia":[{"embeddable":true,"href":"https:\/\/wroclawskie-kamienice.pl\/index.php\/wp-json\/wp\/v2\/media\/2948"}],"wp:attachment":[{"href":"https:\/\/wroclawskie-kamienice.pl\/index.php\/wp-json\/wp\/v2\/media?parent=38"}],"wp:term":[{"taxonomy":"category","embeddable":true,"href":"https:\/\/wroclawskie-kamienice.pl\/index.php\/wp-json\/wp\/v2\/categories?post=38"},{"taxonomy":"post_tag","embeddable":true,"href":"https:\/\/wroclawskie-kamienice.pl\/index.php\/wp-json\/wp\/v2\/tags?post=38"}],"curies":[{"name":"wp","href":"https:\/\/api.w.org\/{rel}","templated":true}]}}