{"id":54,"date":"2013-03-04T03:24:00","date_gmt":"2013-03-04T02:24:00","guid":{"rendered":"http:\/\/wroclawskie-kamienice.pl\/index.php\/2013\/03\/04\/ul-kosciuszki-49-51\/"},"modified":"2020-08-03T11:11:10","modified_gmt":"2020-08-03T09:11:10","slug":"ul-kosciuszki-49-51","status":"publish","type":"post","link":"https:\/\/wroclawskie-kamienice.pl\/index.php\/2013\/03\/04\/ul-kosciuszki-49-51\/","title":{"rendered":"ul. Ko\u015bciuszki 49\/51"},"content":{"rendered":"\n<p><strong>Dzielnica: Stare Miasto<\/strong><br><strong>Osiedle: Przedmie\u015bcie \u015awidnickie<\/strong><br><strong>Ulica: Ko\u015bciuszki, dawniej: Tauentzienstrasse<\/strong><\/p>\n\n\n\n<h6 class=\"has-vivid-red-color has-text-color has-text-align-center wp-block-heading\"><a href=\"https:\/\/mapy.google.pl\/maps\/ms?msid=209490522821960737794.0004875f6134002f1ba4a&amp;msa=0&amp;ll=51.10206,17.036093&amp;spn=0.003429,0.009645\" target=\"_blank\" rel=\"noreferrer noopener\"><strong>Ko\u015bciuszki 49\/51<\/strong><\/a><\/h6>\n\n\n\n<p>Id\u0105c ulic\u0105 Ko\u015bciuszki napotka\u0107 mo\u017cna wiele kamienicznych pere\u0142ek, kt\u00f3re cudem umkn\u0119\u0142y dzia\u0142aniom wojennym. A \u0142atwo nie by\u0142o.<\/p>\n\n\n\n<blockquote class=\"wp-block-quote has-text-align-right is-layout-flow wp-block-quote-is-layout-flow\"><p>\u201eW zwi\u0105zku z dalsz\u0105 budow\u0105 stanowisk wypalone zostan\u0105 domy po\u0142o\u017cone przy po\u0142udniowej wzgl\u0119dnie zachodniej stronie Websky-Strasse &#8211; Tauentzienstrasse na ca\u0142ej d\u0142ugo\u015bci &#8211; Freiburgerstr &#8211; Elferplatz &#8211; Schwertstrasse &#8211; Fischergasse &#8211; Einundfunfzigerstr., a\u017c do S\u00fcderoder. Jednostki maj\u0105ce stanowiska bojowe w owych domach musz\u0105 je opu\u015bci\u0107. Do wyburzenia przyst\u0105pi si\u0119 natychmiast&#8221;.<br><br><a href=\"http:\/\/fotopolska.eu\/70494,foto.html\">Breslau, <\/a><a aria-label=\"undefined (opens in a new tab)\" href=\"http:\/\/fotopolska.eu\/70494,foto.html\" target=\"_blank\" rel=\"noreferrer noopener\">20.03.1945 <\/a><a href=\"http:\/\/fotopolska.eu\/70494,foto.html\">r.&nbsp;<\/a><\/p><\/blockquote>\n\n\n\n<p>To jedna z moich ulubionych ulic w mie\u015bcie. Zrobi\u0142am z niej g\u0142\u00f3wn\u0105 cz\u0119\u015b\u0107 swojej trasy spacerowej &#8211; najpierw ulic\u0105 Ko\u015bciuszki od Placu Legion\u00f3w do Krakowskiej, p\u00f3\u017aniej powr\u00f3t Traugutta, skr\u0119cam w Pu\u0142askiego i id\u0119 w stron\u0119 Ma\u0142achowskiego. Dalej jest jeszcze Gajowa i\u2026 na horyzoncie majacz\u0105 ju\u017c pastelowe hubskie blokowiska. <\/p>\n\n\n\n<figure class=\"wp-block-image size-large is-resized\"><img loading=\"lazy\" decoding=\"async\" src=\"http:\/\/wroclawskie-kamienice.pl\/wp-content\/uploads\/2013\/03\/fasada_8526675454_o.jpg\" alt=\"\" class=\"wp-image-2754\" width=\"1124\" height=\"753\"\/><figcaption>fot. Ewelina Kodzis<\/figcaption><\/figure>\n\n\n\n<h6 class=\"has-vivid-red-color has-text-color wp-block-heading\">Przepych<\/h6>\n\n\n\n<p>Bli\u017aniaczki z ul. Ko\u015bciuszki 49\/51 s\u0105 tak dorodne i bezczelnie dekorowane, \u017ce nigdy nie w\u0105tpi\u0142am, \u017ce to kamieniczne celebrytki, rajskie ptaki. Ba, nawet or\u0142y! Nie zapomn\u0119, gdy kilka lat temu moja siostra przys\u0142a\u0142a mi mail ze zdj\u0119ciem zrobionym przez okno autobusu, w drodze do pracy. Na fotce widnia\u0142 orze\u0142 z kamienicy nr 51. Podpis brzmia\u0142 mniej wi\u0119cej tak: &#8222;Czy ty to widzia\u0142a\u015b?!&#8221;. Dlatego utwierdzi\u0142am si\u0119 w przekonaniu, \u017ce kamienica bez w\u0105tpienia robi wra\u017cenie tak\u017ce na ludziach nieco bardziej obiektywnych w kwestii czynszowych cegie\u0142 ni\u017c ja.<\/p>\n\n\n\n<p>Dzisiejsze bohaterki zaprojektowa\u0142 w 1900 roku Joseph Wittcke. Kamienica nr 49 powsta\u0142a na zlecenie Maxa Mathiasa, w\u0142a\u015bciciela firmy budowlanej. Nr 51 na zlecenie Richarda Wilborna i Gustava Bohrna, producent\u00f3w sztukaterii. Oba budynki zbudowano na planie lustrzanie u\u0142o\u017conych liter C &#8211; budynek frontowy, skrzyd\u0142o boczne i dom tylny. W \u015brodku dziedziniec, do kt\u00f3rego prowadzi\u0142y dwie sienie przejazdowe &#8211; obecnie w jednej z nich znajduje si\u0119 sklep. Za domem tylnym znajdowa\u0142 si\u0119 jeszcze <a href=\"http:\/\/dolny-slask.org.pl\/618529,foto.html?idEntity=516910\" target=\"_blank\" rel=\"noreferrer noopener\">budynek przemys\u0142owy<\/a>, w kt\u00f3rym dzia\u0142a\u0142a <a href=\"http:\/\/dolny-slask.org.pl\/816970,foto.html?idEntity=527825\" target=\"_blank\" rel=\"noreferrer noopener\">drukarnia<\/a>. Z kolei na parterze numeru 49 mie\u015bci\u0142 si\u0119 prawdopodobnie <a href=\"http:\/\/dolny-slask.org.pl\/737035,foto.html?idEntity=527825\" target=\"_blank\" rel=\"noreferrer noopener\">Grand Bar Max&amp;Moritz<\/a>. Na ostatnich kondygnacjach kamienic niegdy\u015b znajdowa\u0142y si\u0119 pracownie fotograficzne. Z ulicy wida\u0107 ich cofni\u0119te i przeszklone dachy.<\/p>\n\n\n\n<h6 class=\"has-vivid-red-color has-text-color wp-block-heading\">Przestrze\u0144<\/h6>\n\n\n\n<p>Kamienice s\u0105 bardzo majestatyczne &#8211; wida\u0107 to na \u017cywo i wida\u0107 na mapach Google. Dlatego tym wi\u0119ksze by\u0142o moje zdumienie, kiedy dowiedzia\u0142am si\u0119, \u017ce pierwotnie na ka\u017cdym pi\u0119trze znajdowa\u0142o si\u0119\u2026 tylko jedno mieszkanie. Pokoje reprezentacyjne zajmowa\u0142y budynek frontowy, sypialnie &#8211; skrzyd\u0142o boczne, a kuchnia i inne pomieszczenia zdecydowanie-nie-reprezentacyjne mie\u015bci\u0142y si\u0119 w budynku tylnym. A \u017ce ju\u017c ewidentnie nie wiedziano, czym jeszcze zagospodarowa\u0107 tak ogromn\u0105 przestrze\u0144, to na ka\u017cdym z pi\u0119ter, w pozosta\u0142ej cz\u0119\u015bci budynku tylnego umieszczono jeszcze po jednym 4-pokojowym mieszkaniu! Bez w\u0105tpienia, gdyby urz\u0105dzano tam wsp\u00f3\u0142cze\u015bnie np. akademik, to nic z tego miejsca by si\u0119 nie zmarnowa\u0142o\u2026 \ud83d\ude09<\/p>\n\n\n\n<figure class=\"wp-block-image size-large is-resized\"><img decoding=\"async\" src=\"http:\/\/wroclawskie-kamienice.pl\/wp-content\/uploads\/2020\/08\/fasada_8525557161_o.jpg\" alt=\"\" class=\"wp-image-2755\" width=\"1124\" srcset=\"https:\/\/wroclawskie-kamienice.pl\/wp-content\/uploads\/2020\/08\/fasada_8525557161_o.jpg 950w, https:\/\/wroclawskie-kamienice.pl\/wp-content\/uploads\/2020\/08\/fasada_8525557161_o-300x200.jpg 300w, https:\/\/wroclawskie-kamienice.pl\/wp-content\/uploads\/2020\/08\/fasada_8525557161_o-768x513.jpg 768w\" sizes=\"(max-width: 950px) 100vw, 950px\" \/><figcaption>fot. Ewelina Kodzis<\/figcaption><\/figure>\n\n\n\n<p>W\u0142a\u015bciwie z ogromem przestrzeni ju\u017c sobie poradzono &#8211; mieszkania s\u0105 obecnie podzielone, co mnie wyj\u0105tkowo nie dziwi. Nie wiem, jak mo\u017cna ogrza\u0107 tak wielkie mieszkanie, ale pewnie mo\u017cna &#8211; je\u015bli si\u0119 ma&#8230; s\u0142u\u017cb\u0119. Patrz\u0105c na przebogat\u0105 fasad\u0119, imponuj\u0105c\u0105 powierzchni\u0119 mieszka\u0144 i <a href=\"http:\/\/wroclawskie-kamienice.pl\/wp-content\/gallery\/kosciuszki-49-51\/drzwi-do-windy_8526664540_o.jpg\" target=\"_blank\" aria-label=\"undefined (opens in a new tab)\" rel=\"noreferrer noopener\">szyb windy<\/a> na korytarzu, mo\u017cna z pewno\u015bci\u0105 stwierdzi\u0107, \u017ce byli mieszka\u0144cy kamienicy nie borykali si\u0119 z takimi problemami, jak dzisiejsi lokatorzy. Bo przy Ko\u015bciuszki 49\/51 nie mieszka si\u0119 ju\u017c tak luksusowo. Uda\u0142o mi si\u0119 porozmawia\u0107 z dwiema lokatorkami. Pierwsza uskar\u017ca\u0142a si\u0119 na&nbsp; wyra\u017anie odczuwaln\u0105 wilgo\u0107 w mieszkaniu, wieczne zimno i walk\u0119 z grzybem na \u015bcianach, podczas gdy druga z mieszkanek opowiedzia\u0142a mi o swoim beztrosko sypi\u0105cym si\u0119 balkonie. Zg\u0142asza\u0142a ten problem kilkakrotnie, ale nikt si\u0119 jeszcze t\u0105 spraw\u0105 nie zainteresowa\u0142. O ironio, na parterze w gablotce wisia\u0142a kartka, kt\u00f3ra nakazywa\u0142a natychmiast zg\u0142asza\u0107 wszelkie usterki&#8230;<\/p>\n\n\n\n<p>Podsumowuj\u0105c, z lat \u015bwietno\u015bci kamienicom 49 i 51 zosta\u0142a fasada &#8211; bajecznie ozdobiona, op\u0142ywaj\u0105ca neobarokiem i secesj\u0105. I t\u0119 fasad\u0119 stara\u0142am si\u0119 jak najdok\u0142adniej dla Was obfotografowa\u0107. Zapraszam na zdj\u0119cia!<\/p>\n\n\n\nngg_shortcode_0_placeholder\n\n\n\n<p><\/p>\n","protected":false},"excerpt":{"rendered":"<p>Dzielnica: Stare MiastoOsiedle: Przedmie\u015bcie \u015awidnickieUlica: Ko\u015bciuszki, dawniej: Tauentzienstrasse Ko\u015bciuszki 49\/51 Id\u0105c ulic\u0105 Ko\u015bciuszki napotka\u0107 mo\u017cna wiele kamienicznych pere\u0142ek, kt\u00f3re cudem<\/p>\n","protected":false},"author":1,"featured_media":2816,"comment_status":"open","ping_status":"open","sticky":false,"template":"","format":"standard","meta":{"ngg_post_thumbnail":0,"footnotes":""},"categories":[60,15,160,19,26,32,158,24,21],"tags":[232],"class_list":["post-54","post","type-post","status-publish","format-standard","has-post-thumbnail","hentry","category-fasada","category-kamienica","category-kosciuszki","category-przedmiescie-swidnickie","category-secesja","category-stare-miasto","category-tauentzienstrasse","category-wroclaw","category-zdobienia","tag-krzyki"],"yoast_head":"<!-- This site is optimized with the Yoast SEO plugin v25.1 - https:\/\/yoast.com\/wordpress\/plugins\/seo\/ -->\n<title>ul. Ko\u015bciuszki 49\/51 | Wroc\u0142awskie Kamienice<\/title>\n<meta name=\"description\" content=\"Dzisiejsze bohaterki z ul. Ko\u015bciuszki 49\/51 zaprojektowa\u0142 w 1900 roku Joseph Wittcke.\" \/>\n<meta name=\"robots\" content=\"index, follow, max-snippet:-1, max-image-preview:large, max-video-preview:-1\" \/>\n<link rel=\"canonical\" href=\"https:\/\/wroclawskie-kamienice.pl\/index.php\/2013\/03\/04\/ul-kosciuszki-49-51\/\" \/>\n<meta property=\"og:locale\" content=\"pl_PL\" \/>\n<meta property=\"og:type\" content=\"article\" \/>\n<meta property=\"og:title\" content=\"ul. Ko\u015bciuszki 49\/51 | Wroc\u0142awskie Kamienice\" \/>\n<meta property=\"og:description\" content=\"Dzisiejsze bohaterki z ul. Ko\u015bciuszki 49\/51 zaprojektowa\u0142 w 1900 roku Joseph Wittcke.\" \/>\n<meta property=\"og:url\" content=\"https:\/\/wroclawskie-kamienice.pl\/index.php\/2013\/03\/04\/ul-kosciuszki-49-51\/\" \/>\n<meta property=\"og:site_name\" content=\"Wroc\u0142awskie Kamienice\" \/>\n<meta property=\"article:publisher\" content=\"https:\/\/www.facebook.com\/wroclawskie.kamienice\" \/>\n<meta property=\"article:published_time\" content=\"2013-03-04T02:24:00+00:00\" \/>\n<meta property=\"article:modified_time\" content=\"2020-08-03T09:11:10+00:00\" \/>\n<meta property=\"og:image\" content=\"https:\/\/wroclawskie-kamienice.pl\/wp-content\/uploads\/2013\/03\/kociuszki-49_8525564797_o.jpg\" \/>\n\t<meta property=\"og:image:width\" content=\"950\" \/>\n\t<meta property=\"og:image:height\" content=\"634\" \/>\n\t<meta property=\"og:image:type\" content=\"image\/jpeg\" \/>\n<meta name=\"author\" content=\"Ewelina Kodzis\" \/>\n<meta name=\"twitter:card\" content=\"summary_large_image\" \/>\n<meta name=\"twitter:label1\" content=\"Napisane przez\" \/>\n\t<meta name=\"twitter:data1\" content=\"Ewelina Kodzis\" \/>\n\t<meta name=\"twitter:label2\" content=\"Szacowany czas czytania\" \/>\n\t<meta name=\"twitter:data2\" content=\"4 minuty\" \/>\n<script type=\"application\/ld+json\" class=\"yoast-schema-graph\">{\"@context\":\"https:\/\/schema.org\",\"@graph\":[{\"@type\":\"WebPage\",\"@id\":\"https:\/\/wroclawskie-kamienice.pl\/index.php\/2013\/03\/04\/ul-kosciuszki-49-51\/\",\"url\":\"https:\/\/wroclawskie-kamienice.pl\/index.php\/2013\/03\/04\/ul-kosciuszki-49-51\/\",\"name\":\"ul. Ko\u015bciuszki 49\/51 | Wroc\u0142awskie Kamienice\",\"isPartOf\":{\"@id\":\"https:\/\/wroclawskie-kamienice.pl\/#website\"},\"primaryImageOfPage\":{\"@id\":\"https:\/\/wroclawskie-kamienice.pl\/index.php\/2013\/03\/04\/ul-kosciuszki-49-51\/#primaryimage\"},\"image\":{\"@id\":\"https:\/\/wroclawskie-kamienice.pl\/index.php\/2013\/03\/04\/ul-kosciuszki-49-51\/#primaryimage\"},\"thumbnailUrl\":\"https:\/\/wroclawskie-kamienice.pl\/wp-content\/uploads\/2013\/03\/kociuszki-49_8525564797_o.jpg\",\"datePublished\":\"2013-03-04T02:24:00+00:00\",\"dateModified\":\"2020-08-03T09:11:10+00:00\",\"author\":{\"@id\":\"https:\/\/wroclawskie-kamienice.pl\/#\/schema\/person\/21fced558fdbcc1b64a74f1b4a21c592\"},\"description\":\"Dzisiejsze bohaterki z ul. Ko\u015bciuszki 49\/51 zaprojektowa\u0142 w 1900 roku Joseph Wittcke.\",\"breadcrumb\":{\"@id\":\"https:\/\/wroclawskie-kamienice.pl\/index.php\/2013\/03\/04\/ul-kosciuszki-49-51\/#breadcrumb\"},\"inLanguage\":\"pl-PL\",\"potentialAction\":[{\"@type\":\"ReadAction\",\"target\":[\"https:\/\/wroclawskie-kamienice.pl\/index.php\/2013\/03\/04\/ul-kosciuszki-49-51\/\"]}]},{\"@type\":\"ImageObject\",\"inLanguage\":\"pl-PL\",\"@id\":\"https:\/\/wroclawskie-kamienice.pl\/index.php\/2013\/03\/04\/ul-kosciuszki-49-51\/#primaryimage\",\"url\":\"https:\/\/wroclawskie-kamienice.pl\/wp-content\/uploads\/2013\/03\/kociuszki-49_8525564797_o.jpg\",\"contentUrl\":\"https:\/\/wroclawskie-kamienice.pl\/wp-content\/uploads\/2013\/03\/kociuszki-49_8525564797_o.jpg\",\"width\":950,\"height\":634},{\"@type\":\"BreadcrumbList\",\"@id\":\"https:\/\/wroclawskie-kamienice.pl\/index.php\/2013\/03\/04\/ul-kosciuszki-49-51\/#breadcrumb\",\"itemListElement\":[{\"@type\":\"ListItem\",\"position\":1,\"name\":\"Strona g\u0142\u00f3wna\",\"item\":\"https:\/\/wroclawskie-kamienice.pl\/\"},{\"@type\":\"ListItem\",\"position\":2,\"name\":\"ul.&nbsp;Ko\u015bciuszki 49\/51\"}]},{\"@type\":\"WebSite\",\"@id\":\"https:\/\/wroclawskie-kamienice.pl\/#website\",\"url\":\"https:\/\/wroclawskie-kamienice.pl\/\",\"name\":\"Wroc\u0142awskie Kamienice\",\"description\":\"\",\"potentialAction\":[{\"@type\":\"SearchAction\",\"target\":{\"@type\":\"EntryPoint\",\"urlTemplate\":\"https:\/\/wroclawskie-kamienice.pl\/?s={search_term_string}\"},\"query-input\":{\"@type\":\"PropertyValueSpecification\",\"valueRequired\":true,\"valueName\":\"search_term_string\"}}],\"inLanguage\":\"pl-PL\"},{\"@type\":\"Person\",\"@id\":\"https:\/\/wroclawskie-kamienice.pl\/#\/schema\/person\/21fced558fdbcc1b64a74f1b4a21c592\",\"name\":\"Ewelina Kodzis\",\"image\":{\"@type\":\"ImageObject\",\"inLanguage\":\"pl-PL\",\"@id\":\"https:\/\/wroclawskie-kamienice.pl\/#\/schema\/person\/image\/\",\"url\":\"https:\/\/secure.gravatar.com\/avatar\/4a7fc5b2885261c85e300a114cd565425fbc799e1f433806465ee256fa1738c9?s=96&d=mm&r=g\",\"contentUrl\":\"https:\/\/secure.gravatar.com\/avatar\/4a7fc5b2885261c85e300a114cd565425fbc799e1f433806465ee256fa1738c9?s=96&d=mm&r=g\",\"caption\":\"Ewelina Kodzis\"},\"description\":\"Filologia, dziennikarstwo, grafika i blogowanie. Opr\u00f3cz tego Wroc\u0142aw, muzyka, jesie\u0144 i koty. P\u00f3\u017aniej dopiero ca\u0142a reszta.\",\"url\":\"https:\/\/wroclawskie-kamienice.pl\/index.php\/author\/admin6028\/\"}]}<\/script>\n<!-- \/ Yoast SEO plugin. -->","yoast_head_json":{"title":"ul. Ko\u015bciuszki 49\/51 | Wroc\u0142awskie Kamienice","description":"Dzisiejsze bohaterki z ul. Ko\u015bciuszki 49\/51 zaprojektowa\u0142 w 1900 roku Joseph Wittcke.","robots":{"index":"index","follow":"follow","max-snippet":"max-snippet:-1","max-image-preview":"max-image-preview:large","max-video-preview":"max-video-preview:-1"},"canonical":"https:\/\/wroclawskie-kamienice.pl\/index.php\/2013\/03\/04\/ul-kosciuszki-49-51\/","og_locale":"pl_PL","og_type":"article","og_title":"ul. Ko\u015bciuszki 49\/51 | Wroc\u0142awskie Kamienice","og_description":"Dzisiejsze bohaterki z ul. Ko\u015bciuszki 49\/51 zaprojektowa\u0142 w 1900 roku Joseph Wittcke.","og_url":"https:\/\/wroclawskie-kamienice.pl\/index.php\/2013\/03\/04\/ul-kosciuszki-49-51\/","og_site_name":"Wroc\u0142awskie Kamienice","article_publisher":"https:\/\/www.facebook.com\/wroclawskie.kamienice","article_published_time":"2013-03-04T02:24:00+00:00","article_modified_time":"2020-08-03T09:11:10+00:00","og_image":[{"width":950,"height":634,"url":"https:\/\/wroclawskie-kamienice.pl\/wp-content\/uploads\/2013\/03\/kociuszki-49_8525564797_o.jpg","type":"image\/jpeg"}],"author":"Ewelina Kodzis","twitter_card":"summary_large_image","twitter_misc":{"Napisane przez":"Ewelina Kodzis","Szacowany czas czytania":"4 minuty"},"schema":{"@context":"https:\/\/schema.org","@graph":[{"@type":"WebPage","@id":"https:\/\/wroclawskie-kamienice.pl\/index.php\/2013\/03\/04\/ul-kosciuszki-49-51\/","url":"https:\/\/wroclawskie-kamienice.pl\/index.php\/2013\/03\/04\/ul-kosciuszki-49-51\/","name":"ul. Ko\u015bciuszki 49\/51 | Wroc\u0142awskie Kamienice","isPartOf":{"@id":"https:\/\/wroclawskie-kamienice.pl\/#website"},"primaryImageOfPage":{"@id":"https:\/\/wroclawskie-kamienice.pl\/index.php\/2013\/03\/04\/ul-kosciuszki-49-51\/#primaryimage"},"image":{"@id":"https:\/\/wroclawskie-kamienice.pl\/index.php\/2013\/03\/04\/ul-kosciuszki-49-51\/#primaryimage"},"thumbnailUrl":"https:\/\/wroclawskie-kamienice.pl\/wp-content\/uploads\/2013\/03\/kociuszki-49_8525564797_o.jpg","datePublished":"2013-03-04T02:24:00+00:00","dateModified":"2020-08-03T09:11:10+00:00","author":{"@id":"https:\/\/wroclawskie-kamienice.pl\/#\/schema\/person\/21fced558fdbcc1b64a74f1b4a21c592"},"description":"Dzisiejsze bohaterki z ul. Ko\u015bciuszki 49\/51 zaprojektowa\u0142 w 1900 roku Joseph Wittcke.","breadcrumb":{"@id":"https:\/\/wroclawskie-kamienice.pl\/index.php\/2013\/03\/04\/ul-kosciuszki-49-51\/#breadcrumb"},"inLanguage":"pl-PL","potentialAction":[{"@type":"ReadAction","target":["https:\/\/wroclawskie-kamienice.pl\/index.php\/2013\/03\/04\/ul-kosciuszki-49-51\/"]}]},{"@type":"ImageObject","inLanguage":"pl-PL","@id":"https:\/\/wroclawskie-kamienice.pl\/index.php\/2013\/03\/04\/ul-kosciuszki-49-51\/#primaryimage","url":"https:\/\/wroclawskie-kamienice.pl\/wp-content\/uploads\/2013\/03\/kociuszki-49_8525564797_o.jpg","contentUrl":"https:\/\/wroclawskie-kamienice.pl\/wp-content\/uploads\/2013\/03\/kociuszki-49_8525564797_o.jpg","width":950,"height":634},{"@type":"BreadcrumbList","@id":"https:\/\/wroclawskie-kamienice.pl\/index.php\/2013\/03\/04\/ul-kosciuszki-49-51\/#breadcrumb","itemListElement":[{"@type":"ListItem","position":1,"name":"Strona g\u0142\u00f3wna","item":"https:\/\/wroclawskie-kamienice.pl\/"},{"@type":"ListItem","position":2,"name":"ul.&nbsp;Ko\u015bciuszki 49\/51"}]},{"@type":"WebSite","@id":"https:\/\/wroclawskie-kamienice.pl\/#website","url":"https:\/\/wroclawskie-kamienice.pl\/","name":"Wroc\u0142awskie Kamienice","description":"","potentialAction":[{"@type":"SearchAction","target":{"@type":"EntryPoint","urlTemplate":"https:\/\/wroclawskie-kamienice.pl\/?s={search_term_string}"},"query-input":{"@type":"PropertyValueSpecification","valueRequired":true,"valueName":"search_term_string"}}],"inLanguage":"pl-PL"},{"@type":"Person","@id":"https:\/\/wroclawskie-kamienice.pl\/#\/schema\/person\/21fced558fdbcc1b64a74f1b4a21c592","name":"Ewelina Kodzis","image":{"@type":"ImageObject","inLanguage":"pl-PL","@id":"https:\/\/wroclawskie-kamienice.pl\/#\/schema\/person\/image\/","url":"https:\/\/secure.gravatar.com\/avatar\/4a7fc5b2885261c85e300a114cd565425fbc799e1f433806465ee256fa1738c9?s=96&d=mm&r=g","contentUrl":"https:\/\/secure.gravatar.com\/avatar\/4a7fc5b2885261c85e300a114cd565425fbc799e1f433806465ee256fa1738c9?s=96&d=mm&r=g","caption":"Ewelina Kodzis"},"description":"Filologia, dziennikarstwo, grafika i blogowanie. Opr\u00f3cz tego Wroc\u0142aw, muzyka, jesie\u0144 i koty. P\u00f3\u017aniej dopiero ca\u0142a reszta.","url":"https:\/\/wroclawskie-kamienice.pl\/index.php\/author\/admin6028\/"}]}},"_links":{"self":[{"href":"https:\/\/wroclawskie-kamienice.pl\/index.php\/wp-json\/wp\/v2\/posts\/54","targetHints":{"allow":["GET"]}}],"collection":[{"href":"https:\/\/wroclawskie-kamienice.pl\/index.php\/wp-json\/wp\/v2\/posts"}],"about":[{"href":"https:\/\/wroclawskie-kamienice.pl\/index.php\/wp-json\/wp\/v2\/types\/post"}],"author":[{"embeddable":true,"href":"https:\/\/wroclawskie-kamienice.pl\/index.php\/wp-json\/wp\/v2\/users\/1"}],"replies":[{"embeddable":true,"href":"https:\/\/wroclawskie-kamienice.pl\/index.php\/wp-json\/wp\/v2\/comments?post=54"}],"version-history":[{"count":3,"href":"https:\/\/wroclawskie-kamienice.pl\/index.php\/wp-json\/wp\/v2\/posts\/54\/revisions"}],"predecessor-version":[{"id":2817,"href":"https:\/\/wroclawskie-kamienice.pl\/index.php\/wp-json\/wp\/v2\/posts\/54\/revisions\/2817"}],"wp:featuredmedia":[{"embeddable":true,"href":"https:\/\/wroclawskie-kamienice.pl\/index.php\/wp-json\/wp\/v2\/media\/2816"}],"wp:attachment":[{"href":"https:\/\/wroclawskie-kamienice.pl\/index.php\/wp-json\/wp\/v2\/media?parent=54"}],"wp:term":[{"taxonomy":"category","embeddable":true,"href":"https:\/\/wroclawskie-kamienice.pl\/index.php\/wp-json\/wp\/v2\/categories?post=54"},{"taxonomy":"post_tag","embeddable":true,"href":"https:\/\/wroclawskie-kamienice.pl\/index.php\/wp-json\/wp\/v2\/tags?post=54"}],"curies":[{"name":"wp","href":"https:\/\/api.w.org\/{rel}","templated":true}]}}