{"id":55,"date":"2013-02-14T19:57:00","date_gmt":"2013-02-14T18:57:00","guid":{"rendered":"http:\/\/wroclawskie-kamienice.pl\/index.php\/2013\/02\/14\/blogosfera-z-klasa-spotkanie-w-muzeum-narodowym\/"},"modified":"2013-02-14T19:57:00","modified_gmt":"2013-02-14T18:57:00","slug":"blogosfera-z-klasa-spotkanie-w-muzeum-narodowym","status":"publish","type":"post","link":"https:\/\/wroclawskie-kamienice.pl\/index.php\/2013\/02\/14\/blogosfera-z-klasa-spotkanie-w-muzeum-narodowym\/","title":{"rendered":"&#8222;Blogosfera z klas\u0105&#8221; &#8211; spotkanie w Muzeum Narodowym"},"content":{"rendered":"<div style=\"text-align: justify;\">O tym, sk\u0105d wzi\u0119\u0142o si\u0119 moje zainteresowanie kamienicami, sk\u0105d pomys\u0142 na blog i jak &#8222;kamienicowanie&#8221; wygl\u0105da od kuchni opowiem Wam w ramach cyklu &#8222;Blogosfera z klas\u0105&#8221;. Oczywi\u015bcie zajrzymy te\u017c wsp\u00f3lnie do kilku kamienic&#8230; ;).&nbsp;<\/div>\n<p>Spotkanie odb\u0119dzie si\u0119 w najbli\u017csz\u0105 sobot\u0119, 16 lutego w Muzeum Narodowym we Wroc\u0142awiu o 12.00.<\/p>\n<p>Serdecznie zapraszam!<\/p>\n","protected":false},"excerpt":{"rendered":"<p>O tym, sk\u0105d wzi\u0119\u0142o si\u0119 moje zainteresowanie kamienicami, sk\u0105d pomys\u0142 na blog i jak &#8222;kamienicowanie&#8221; wygl\u0105da od kuchni opowiem Wam<\/p>\n","protected":false},"author":1,"featured_media":0,"comment_status":"open","ping_status":"open","sticky":false,"template":"","format":"standard","meta":{"ngg_post_thumbnail":0,"footnotes":""},"categories":[1],"tags":[],"class_list":["post-55","post","type-post","status-publish","format-standard","hentry","category-non-classe"],"yoast_head":"<!-- This site is optimized with the Yoast SEO plugin v25.1 - https:\/\/yoast.com\/wordpress\/plugins\/seo\/ -->\n<title>&quot;Blogosfera z klas\u0105&quot; - spotkanie w Muzeum Narodowym | Wroc\u0142awskie Kamienice<\/title>\n<meta name=\"robots\" content=\"index, follow, max-snippet:-1, max-image-preview:large, max-video-preview:-1\" \/>\n<link rel=\"canonical\" href=\"https:\/\/wroclawskie-kamienice.pl\/index.php\/2013\/02\/14\/blogosfera-z-klasa-spotkanie-w-muzeum-narodowym\/\" \/>\n<meta property=\"og:locale\" content=\"pl_PL\" \/>\n<meta property=\"og:type\" content=\"article\" \/>\n<meta property=\"og:title\" content=\"&quot;Blogosfera z klas\u0105&quot; - spotkanie w Muzeum Narodowym | Wroc\u0142awskie Kamienice\" \/>\n<meta property=\"og:description\" content=\"O tym, sk\u0105d wzi\u0119\u0142o si\u0119 moje zainteresowanie kamienicami, sk\u0105d pomys\u0142 na blog i jak &#8222;kamienicowanie&#8221; wygl\u0105da od kuchni opowiem Wam\" \/>\n<meta property=\"og:url\" content=\"https:\/\/wroclawskie-kamienice.pl\/index.php\/2013\/02\/14\/blogosfera-z-klasa-spotkanie-w-muzeum-narodowym\/\" \/>\n<meta property=\"og:site_name\" content=\"Wroc\u0142awskie Kamienice\" \/>\n<meta property=\"article:publisher\" content=\"https:\/\/www.facebook.com\/wroclawskie.kamienice\" \/>\n<meta property=\"article:published_time\" content=\"2013-02-14T18:57:00+00:00\" \/>\n<meta name=\"author\" content=\"Ewelina Kodzis\" \/>\n<meta name=\"twitter:card\" content=\"summary_large_image\" \/>\n<meta name=\"twitter:label1\" content=\"Napisane przez\" \/>\n\t<meta name=\"twitter:data1\" content=\"Ewelina Kodzis\" \/>\n<script type=\"application\/ld+json\" class=\"yoast-schema-graph\">{\"@context\":\"https:\/\/schema.org\",\"@graph\":[{\"@type\":\"WebPage\",\"@id\":\"https:\/\/wroclawskie-kamienice.pl\/index.php\/2013\/02\/14\/blogosfera-z-klasa-spotkanie-w-muzeum-narodowym\/\",\"url\":\"https:\/\/wroclawskie-kamienice.pl\/index.php\/2013\/02\/14\/blogosfera-z-klasa-spotkanie-w-muzeum-narodowym\/\",\"name\":\"\\\"Blogosfera z klas\u0105\\\" - spotkanie w Muzeum Narodowym | Wroc\u0142awskie Kamienice\",\"isPartOf\":{\"@id\":\"https:\/\/wroclawskie-kamienice.pl\/#website\"},\"datePublished\":\"2013-02-14T18:57:00+00:00\",\"author\":{\"@id\":\"https:\/\/wroclawskie-kamienice.pl\/#\/schema\/person\/21fced558fdbcc1b64a74f1b4a21c592\"},\"breadcrumb\":{\"@id\":\"https:\/\/wroclawskie-kamienice.pl\/index.php\/2013\/02\/14\/blogosfera-z-klasa-spotkanie-w-muzeum-narodowym\/#breadcrumb\"},\"inLanguage\":\"pl-PL\",\"potentialAction\":[{\"@type\":\"ReadAction\",\"target\":[\"https:\/\/wroclawskie-kamienice.pl\/index.php\/2013\/02\/14\/blogosfera-z-klasa-spotkanie-w-muzeum-narodowym\/\"]}]},{\"@type\":\"BreadcrumbList\",\"@id\":\"https:\/\/wroclawskie-kamienice.pl\/index.php\/2013\/02\/14\/blogosfera-z-klasa-spotkanie-w-muzeum-narodowym\/#breadcrumb\",\"itemListElement\":[{\"@type\":\"ListItem\",\"position\":1,\"name\":\"Strona g\u0142\u00f3wna\",\"item\":\"https:\/\/wroclawskie-kamienice.pl\/\"},{\"@type\":\"ListItem\",\"position\":2,\"name\":\"&#8222;Blogosfera z&nbsp;klas\u0105&#8221; &#8211; spotkanie w&nbsp;Muzeum Narodowym\"}]},{\"@type\":\"WebSite\",\"@id\":\"https:\/\/wroclawskie-kamienice.pl\/#website\",\"url\":\"https:\/\/wroclawskie-kamienice.pl\/\",\"name\":\"Wroc\u0142awskie Kamienice\",\"description\":\"\",\"potentialAction\":[{\"@type\":\"SearchAction\",\"target\":{\"@type\":\"EntryPoint\",\"urlTemplate\":\"https:\/\/wroclawskie-kamienice.pl\/?s={search_term_string}\"},\"query-input\":{\"@type\":\"PropertyValueSpecification\",\"valueRequired\":true,\"valueName\":\"search_term_string\"}}],\"inLanguage\":\"pl-PL\"},{\"@type\":\"Person\",\"@id\":\"https:\/\/wroclawskie-kamienice.pl\/#\/schema\/person\/21fced558fdbcc1b64a74f1b4a21c592\",\"name\":\"Ewelina Kodzis\",\"image\":{\"@type\":\"ImageObject\",\"inLanguage\":\"pl-PL\",\"@id\":\"https:\/\/wroclawskie-kamienice.pl\/#\/schema\/person\/image\/\",\"url\":\"https:\/\/secure.gravatar.com\/avatar\/4a7fc5b2885261c85e300a114cd565425fbc799e1f433806465ee256fa1738c9?s=96&d=mm&r=g\",\"contentUrl\":\"https:\/\/secure.gravatar.com\/avatar\/4a7fc5b2885261c85e300a114cd565425fbc799e1f433806465ee256fa1738c9?s=96&d=mm&r=g\",\"caption\":\"Ewelina Kodzis\"},\"description\":\"Filologia, dziennikarstwo, grafika i blogowanie. Opr\u00f3cz tego Wroc\u0142aw, muzyka, jesie\u0144 i koty. P\u00f3\u017aniej dopiero ca\u0142a reszta.\",\"url\":\"https:\/\/wroclawskie-kamienice.pl\/index.php\/author\/admin6028\/\"}]}<\/script>\n<!-- \/ Yoast SEO plugin. -->","yoast_head_json":{"title":"\"Blogosfera z klas\u0105\" - spotkanie w Muzeum Narodowym | Wroc\u0142awskie Kamienice","robots":{"index":"index","follow":"follow","max-snippet":"max-snippet:-1","max-image-preview":"max-image-preview:large","max-video-preview":"max-video-preview:-1"},"canonical":"https:\/\/wroclawskie-kamienice.pl\/index.php\/2013\/02\/14\/blogosfera-z-klasa-spotkanie-w-muzeum-narodowym\/","og_locale":"pl_PL","og_type":"article","og_title":"\"Blogosfera z klas\u0105\" - spotkanie w Muzeum Narodowym | Wroc\u0142awskie Kamienice","og_description":"O tym, sk\u0105d wzi\u0119\u0142o si\u0119 moje zainteresowanie kamienicami, sk\u0105d pomys\u0142 na blog i jak &#8222;kamienicowanie&#8221; wygl\u0105da od kuchni opowiem Wam","og_url":"https:\/\/wroclawskie-kamienice.pl\/index.php\/2013\/02\/14\/blogosfera-z-klasa-spotkanie-w-muzeum-narodowym\/","og_site_name":"Wroc\u0142awskie Kamienice","article_publisher":"https:\/\/www.facebook.com\/wroclawskie.kamienice","article_published_time":"2013-02-14T18:57:00+00:00","author":"Ewelina Kodzis","twitter_card":"summary_large_image","twitter_misc":{"Napisane przez":"Ewelina Kodzis"},"schema":{"@context":"https:\/\/schema.org","@graph":[{"@type":"WebPage","@id":"https:\/\/wroclawskie-kamienice.pl\/index.php\/2013\/02\/14\/blogosfera-z-klasa-spotkanie-w-muzeum-narodowym\/","url":"https:\/\/wroclawskie-kamienice.pl\/index.php\/2013\/02\/14\/blogosfera-z-klasa-spotkanie-w-muzeum-narodowym\/","name":"\"Blogosfera z klas\u0105\" - spotkanie w Muzeum Narodowym | Wroc\u0142awskie Kamienice","isPartOf":{"@id":"https:\/\/wroclawskie-kamienice.pl\/#website"},"datePublished":"2013-02-14T18:57:00+00:00","author":{"@id":"https:\/\/wroclawskie-kamienice.pl\/#\/schema\/person\/21fced558fdbcc1b64a74f1b4a21c592"},"breadcrumb":{"@id":"https:\/\/wroclawskie-kamienice.pl\/index.php\/2013\/02\/14\/blogosfera-z-klasa-spotkanie-w-muzeum-narodowym\/#breadcrumb"},"inLanguage":"pl-PL","potentialAction":[{"@type":"ReadAction","target":["https:\/\/wroclawskie-kamienice.pl\/index.php\/2013\/02\/14\/blogosfera-z-klasa-spotkanie-w-muzeum-narodowym\/"]}]},{"@type":"BreadcrumbList","@id":"https:\/\/wroclawskie-kamienice.pl\/index.php\/2013\/02\/14\/blogosfera-z-klasa-spotkanie-w-muzeum-narodowym\/#breadcrumb","itemListElement":[{"@type":"ListItem","position":1,"name":"Strona g\u0142\u00f3wna","item":"https:\/\/wroclawskie-kamienice.pl\/"},{"@type":"ListItem","position":2,"name":"&#8222;Blogosfera z&nbsp;klas\u0105&#8221; &#8211; spotkanie w&nbsp;Muzeum Narodowym"}]},{"@type":"WebSite","@id":"https:\/\/wroclawskie-kamienice.pl\/#website","url":"https:\/\/wroclawskie-kamienice.pl\/","name":"Wroc\u0142awskie Kamienice","description":"","potentialAction":[{"@type":"SearchAction","target":{"@type":"EntryPoint","urlTemplate":"https:\/\/wroclawskie-kamienice.pl\/?s={search_term_string}"},"query-input":{"@type":"PropertyValueSpecification","valueRequired":true,"valueName":"search_term_string"}}],"inLanguage":"pl-PL"},{"@type":"Person","@id":"https:\/\/wroclawskie-kamienice.pl\/#\/schema\/person\/21fced558fdbcc1b64a74f1b4a21c592","name":"Ewelina Kodzis","image":{"@type":"ImageObject","inLanguage":"pl-PL","@id":"https:\/\/wroclawskie-kamienice.pl\/#\/schema\/person\/image\/","url":"https:\/\/secure.gravatar.com\/avatar\/4a7fc5b2885261c85e300a114cd565425fbc799e1f433806465ee256fa1738c9?s=96&d=mm&r=g","contentUrl":"https:\/\/secure.gravatar.com\/avatar\/4a7fc5b2885261c85e300a114cd565425fbc799e1f433806465ee256fa1738c9?s=96&d=mm&r=g","caption":"Ewelina Kodzis"},"description":"Filologia, dziennikarstwo, grafika i blogowanie. Opr\u00f3cz tego Wroc\u0142aw, muzyka, jesie\u0144 i koty. P\u00f3\u017aniej dopiero ca\u0142a reszta.","url":"https:\/\/wroclawskie-kamienice.pl\/index.php\/author\/admin6028\/"}]}},"_links":{"self":[{"href":"https:\/\/wroclawskie-kamienice.pl\/index.php\/wp-json\/wp\/v2\/posts\/55","targetHints":{"allow":["GET"]}}],"collection":[{"href":"https:\/\/wroclawskie-kamienice.pl\/index.php\/wp-json\/wp\/v2\/posts"}],"about":[{"href":"https:\/\/wroclawskie-kamienice.pl\/index.php\/wp-json\/wp\/v2\/types\/post"}],"author":[{"embeddable":true,"href":"https:\/\/wroclawskie-kamienice.pl\/index.php\/wp-json\/wp\/v2\/users\/1"}],"replies":[{"embeddable":true,"href":"https:\/\/wroclawskie-kamienice.pl\/index.php\/wp-json\/wp\/v2\/comments?post=55"}],"version-history":[{"count":0,"href":"https:\/\/wroclawskie-kamienice.pl\/index.php\/wp-json\/wp\/v2\/posts\/55\/revisions"}],"wp:attachment":[{"href":"https:\/\/wroclawskie-kamienice.pl\/index.php\/wp-json\/wp\/v2\/media?parent=55"}],"wp:term":[{"taxonomy":"category","embeddable":true,"href":"https:\/\/wroclawskie-kamienice.pl\/index.php\/wp-json\/wp\/v2\/categories?post=55"},{"taxonomy":"post_tag","embeddable":true,"href":"https:\/\/wroclawskie-kamienice.pl\/index.php\/wp-json\/wp\/v2\/tags?post=55"}],"curies":[{"name":"wp","href":"https:\/\/api.w.org\/{rel}","templated":true}]}}