{"id":75,"date":"2011-10-03T23:44:00","date_gmt":"2011-10-03T21:44:00","guid":{"rendered":"http:\/\/wroclawskie-kamienice.pl\/index.php\/2011\/10\/03\/blog-forum-gdansk-2011\/"},"modified":"2011-10-03T23:44:00","modified_gmt":"2011-10-03T21:44:00","slug":"blog-forum-gdansk-2011","status":"publish","type":"post","link":"https:\/\/wroclawskie-kamienice.pl\/index.php\/2011\/10\/03\/blog-forum-gdansk-2011\/","title":{"rendered":"Blog Forum Gda\u0144sk 2011"},"content":{"rendered":"<div style=\"text-align: justify;\"><a href=\"https:\/\/4.bp.blogspot.com\/-txLNfRCr7UY\/WMU14ZU_eZI\/AAAAAAAAL_U\/jyNsq400Yz8fdq46Vt-FbXTD5x233NhIQCLcB\/s1600\/gdansk-2110252_1280.jpg\" style=\"clear: left; float: left; margin-bottom: 1em; margin-right: 1em;\"><img loading=\"lazy\" decoding=\"async\" border=\"0\" height=\"426\" src=\"https:\/\/4.bp.blogspot.com\/-txLNfRCr7UY\/WMU14ZU_eZI\/AAAAAAAAL_U\/jyNsq400Yz8fdq46Vt-FbXTD5x233NhIQCLcB\/s640\/gdansk-2110252_1280.jpg\" width=\"640\" \/><\/a><a href=\"http:\/\/1.bp.blogspot.com\/-cZtLB4S4rJg\/ToopYOa9A2I\/AAAAAAAAAUQ\/5SZ10siu2pA\/s1600\/vlepka_bfg_2011_uczestnik_blue.png\" style=\"clear: right; float: right; margin-bottom: 1em; margin-left: 1em;\"><img decoding=\"async\" border=\"0\" src=\"https:\/\/1.bp.blogspot.com\/-cZtLB4S4rJg\/ToopYOa9A2I\/AAAAAAAAAUQ\/5SZ10siu2pA\/s1600\/vlepka_bfg_2011_uczestnik_blue.png\" \/><\/a><span style=\"font-family: &quot;trebuchet ms&quot; , sans-serif;\">Dzi\u015b otrzyma\u0142am maila z potwierdzeniem mojego uczestnictwa w Blog Forum Gda\u0144sk 2011.&nbsp; Czeka mnie podr\u00f3\u017c poci\u0105giem przez ca\u0142\u0105 Polsk\u0119 i dwa dni pe\u0142ne dokszta\u0142caj\u0105cych atrakcji. Jak mawia\u0142 m\u00f3j wyk\u0142adowca: jak ka\u017cdy student, b\u0119d\u0119 symulowa\u0107 inteligencj\u0119 i znajomo\u015b\u0107 tematu. Skorzystam tak\u017ce z &#8222;przerwy kawowej&#8221; i spo\u017cyj\u0119 &#8222;lunch&#8221;, by nie odstawa\u0107 nadmiernie od towarzystwa. Jako uczestnik imprezy, winnam wklei\u0107 na moim blogu nie co innego, jak &#8222;vlepk\u0119&#8221;. Do vybo&#8230;, hm, do wyboru mia\u0142am dwie &#8211; r\u00f3\u017cow\u0105 i niebiesk\u0105. \u017badna mi tu kolorystycznie nie pasuje, ale niebieski po prostu lubi\u0119 &#8211; jak pono\u0107 wi\u0119kszo\u015b\u0107 spo\u0142ecze\u0144stwa. Jest w programie konferencji kilka rzeczy na kt\u00f3re bardzo si\u0119 ciesz\u0119. Kt\u00f3re? Nie powiem, by nie zapesza\u0107. \ud83d\ude09&nbsp;&nbsp;<\/span><br \/><span style=\"font-family: &quot;trebuchet ms&quot; , sans-serif;\"><br \/><\/span><br \/><span style=\"font-family: &quot;trebuchet ms&quot; , sans-serif;\"><br \/><\/span><\/div>\n","protected":false},"excerpt":{"rendered":"<p>Dzi\u015b otrzyma\u0142am maila z potwierdzeniem mojego uczestnictwa w Blog Forum Gda\u0144sk 2011.&nbsp; Czeka mnie podr\u00f3\u017c poci\u0105giem przez ca\u0142\u0105 Polsk\u0119 i<\/p>\n","protected":false},"author":1,"featured_media":0,"comment_status":"open","ping_status":"open","sticky":false,"template":"","format":"standard","meta":{"ngg_post_thumbnail":0,"footnotes":""},"categories":[3],"tags":[],"class_list":["post-75","post","type-post","status-publish","format-standard","hentry","category-tak-od-serca"],"yoast_head":"<!-- This site is optimized with the Yoast SEO plugin v25.1 - https:\/\/yoast.com\/wordpress\/plugins\/seo\/ -->\n<title>Blog Forum Gda\u0144sk 2011 | Wroc\u0142awskie Kamienice<\/title>\n<meta name=\"robots\" content=\"index, follow, max-snippet:-1, max-image-preview:large, max-video-preview:-1\" \/>\n<link rel=\"canonical\" href=\"https:\/\/wroclawskie-kamienice.pl\/index.php\/2011\/10\/03\/blog-forum-gdansk-2011\/\" \/>\n<meta property=\"og:locale\" content=\"pl_PL\" \/>\n<meta property=\"og:type\" content=\"article\" \/>\n<meta property=\"og:title\" content=\"Blog Forum Gda\u0144sk 2011 | Wroc\u0142awskie Kamienice\" \/>\n<meta property=\"og:description\" content=\"Dzi\u015b otrzyma\u0142am maila z potwierdzeniem mojego uczestnictwa w Blog Forum Gda\u0144sk 2011.&nbsp; Czeka mnie podr\u00f3\u017c poci\u0105giem przez ca\u0142\u0105 Polsk\u0119 i\" \/>\n<meta property=\"og:url\" content=\"https:\/\/wroclawskie-kamienice.pl\/index.php\/2011\/10\/03\/blog-forum-gdansk-2011\/\" \/>\n<meta property=\"og:site_name\" content=\"Wroc\u0142awskie Kamienice\" \/>\n<meta property=\"article:publisher\" content=\"https:\/\/www.facebook.com\/wroclawskie.kamienice\" \/>\n<meta property=\"article:published_time\" content=\"2011-10-03T21:44:00+00:00\" \/>\n<meta property=\"og:image\" content=\"https:\/\/4.bp.blogspot.com\/-txLNfRCr7UY\/WMU14ZU_eZI\/AAAAAAAAL_U\/jyNsq400Yz8fdq46Vt-FbXTD5x233NhIQCLcB\/s640\/gdansk-2110252_1280.jpg\" \/>\n<meta name=\"author\" content=\"Ewelina Kodzis\" \/>\n<meta name=\"twitter:card\" content=\"summary_large_image\" \/>\n<meta name=\"twitter:label1\" content=\"Napisane przez\" \/>\n\t<meta name=\"twitter:data1\" content=\"Ewelina Kodzis\" \/>\n\t<meta name=\"twitter:label2\" content=\"Szacowany czas czytania\" \/>\n\t<meta name=\"twitter:data2\" content=\"1 minuta\" \/>\n<script type=\"application\/ld+json\" class=\"yoast-schema-graph\">{\"@context\":\"https:\/\/schema.org\",\"@graph\":[{\"@type\":\"WebPage\",\"@id\":\"https:\/\/wroclawskie-kamienice.pl\/index.php\/2011\/10\/03\/blog-forum-gdansk-2011\/\",\"url\":\"https:\/\/wroclawskie-kamienice.pl\/index.php\/2011\/10\/03\/blog-forum-gdansk-2011\/\",\"name\":\"Blog Forum Gda\u0144sk 2011 | Wroc\u0142awskie Kamienice\",\"isPartOf\":{\"@id\":\"https:\/\/wroclawskie-kamienice.pl\/#website\"},\"primaryImageOfPage\":{\"@id\":\"https:\/\/wroclawskie-kamienice.pl\/index.php\/2011\/10\/03\/blog-forum-gdansk-2011\/#primaryimage\"},\"image\":{\"@id\":\"https:\/\/wroclawskie-kamienice.pl\/index.php\/2011\/10\/03\/blog-forum-gdansk-2011\/#primaryimage\"},\"thumbnailUrl\":\"https:\/\/4.bp.blogspot.com\/-txLNfRCr7UY\/WMU14ZU_eZI\/AAAAAAAAL_U\/jyNsq400Yz8fdq46Vt-FbXTD5x233NhIQCLcB\/s640\/gdansk-2110252_1280.jpg\",\"datePublished\":\"2011-10-03T21:44:00+00:00\",\"author\":{\"@id\":\"https:\/\/wroclawskie-kamienice.pl\/#\/schema\/person\/21fced558fdbcc1b64a74f1b4a21c592\"},\"breadcrumb\":{\"@id\":\"https:\/\/wroclawskie-kamienice.pl\/index.php\/2011\/10\/03\/blog-forum-gdansk-2011\/#breadcrumb\"},\"inLanguage\":\"pl-PL\",\"potentialAction\":[{\"@type\":\"ReadAction\",\"target\":[\"https:\/\/wroclawskie-kamienice.pl\/index.php\/2011\/10\/03\/blog-forum-gdansk-2011\/\"]}]},{\"@type\":\"ImageObject\",\"inLanguage\":\"pl-PL\",\"@id\":\"https:\/\/wroclawskie-kamienice.pl\/index.php\/2011\/10\/03\/blog-forum-gdansk-2011\/#primaryimage\",\"url\":\"https:\/\/4.bp.blogspot.com\/-txLNfRCr7UY\/WMU14ZU_eZI\/AAAAAAAAL_U\/jyNsq400Yz8fdq46Vt-FbXTD5x233NhIQCLcB\/s640\/gdansk-2110252_1280.jpg\",\"contentUrl\":\"https:\/\/4.bp.blogspot.com\/-txLNfRCr7UY\/WMU14ZU_eZI\/AAAAAAAAL_U\/jyNsq400Yz8fdq46Vt-FbXTD5x233NhIQCLcB\/s640\/gdansk-2110252_1280.jpg\"},{\"@type\":\"BreadcrumbList\",\"@id\":\"https:\/\/wroclawskie-kamienice.pl\/index.php\/2011\/10\/03\/blog-forum-gdansk-2011\/#breadcrumb\",\"itemListElement\":[{\"@type\":\"ListItem\",\"position\":1,\"name\":\"Strona g\u0142\u00f3wna\",\"item\":\"https:\/\/wroclawskie-kamienice.pl\/\"},{\"@type\":\"ListItem\",\"position\":2,\"name\":\"Blog Forum Gda\u0144sk 2011\"}]},{\"@type\":\"WebSite\",\"@id\":\"https:\/\/wroclawskie-kamienice.pl\/#website\",\"url\":\"https:\/\/wroclawskie-kamienice.pl\/\",\"name\":\"Wroc\u0142awskie Kamienice\",\"description\":\"\",\"potentialAction\":[{\"@type\":\"SearchAction\",\"target\":{\"@type\":\"EntryPoint\",\"urlTemplate\":\"https:\/\/wroclawskie-kamienice.pl\/?s={search_term_string}\"},\"query-input\":{\"@type\":\"PropertyValueSpecification\",\"valueRequired\":true,\"valueName\":\"search_term_string\"}}],\"inLanguage\":\"pl-PL\"},{\"@type\":\"Person\",\"@id\":\"https:\/\/wroclawskie-kamienice.pl\/#\/schema\/person\/21fced558fdbcc1b64a74f1b4a21c592\",\"name\":\"Ewelina Kodzis\",\"image\":{\"@type\":\"ImageObject\",\"inLanguage\":\"pl-PL\",\"@id\":\"https:\/\/wroclawskie-kamienice.pl\/#\/schema\/person\/image\/\",\"url\":\"https:\/\/secure.gravatar.com\/avatar\/4a7fc5b2885261c85e300a114cd565425fbc799e1f433806465ee256fa1738c9?s=96&d=mm&r=g\",\"contentUrl\":\"https:\/\/secure.gravatar.com\/avatar\/4a7fc5b2885261c85e300a114cd565425fbc799e1f433806465ee256fa1738c9?s=96&d=mm&r=g\",\"caption\":\"Ewelina Kodzis\"},\"description\":\"Filologia, dziennikarstwo, grafika i blogowanie. Opr\u00f3cz tego Wroc\u0142aw, muzyka, jesie\u0144 i koty. P\u00f3\u017aniej dopiero ca\u0142a reszta.\",\"url\":\"https:\/\/wroclawskie-kamienice.pl\/index.php\/author\/admin6028\/\"}]}<\/script>\n<!-- \/ Yoast SEO plugin. -->","yoast_head_json":{"title":"Blog Forum Gda\u0144sk 2011 | Wroc\u0142awskie Kamienice","robots":{"index":"index","follow":"follow","max-snippet":"max-snippet:-1","max-image-preview":"max-image-preview:large","max-video-preview":"max-video-preview:-1"},"canonical":"https:\/\/wroclawskie-kamienice.pl\/index.php\/2011\/10\/03\/blog-forum-gdansk-2011\/","og_locale":"pl_PL","og_type":"article","og_title":"Blog Forum Gda\u0144sk 2011 | Wroc\u0142awskie Kamienice","og_description":"Dzi\u015b otrzyma\u0142am maila z potwierdzeniem mojego uczestnictwa w Blog Forum Gda\u0144sk 2011.&nbsp; Czeka mnie podr\u00f3\u017c poci\u0105giem przez ca\u0142\u0105 Polsk\u0119 i","og_url":"https:\/\/wroclawskie-kamienice.pl\/index.php\/2011\/10\/03\/blog-forum-gdansk-2011\/","og_site_name":"Wroc\u0142awskie Kamienice","article_publisher":"https:\/\/www.facebook.com\/wroclawskie.kamienice","article_published_time":"2011-10-03T21:44:00+00:00","og_image":[{"url":"https:\/\/4.bp.blogspot.com\/-txLNfRCr7UY\/WMU14ZU_eZI\/AAAAAAAAL_U\/jyNsq400Yz8fdq46Vt-FbXTD5x233NhIQCLcB\/s640\/gdansk-2110252_1280.jpg","type":"","width":"","height":""}],"author":"Ewelina Kodzis","twitter_card":"summary_large_image","twitter_misc":{"Napisane przez":"Ewelina Kodzis","Szacowany czas czytania":"1 minuta"},"schema":{"@context":"https:\/\/schema.org","@graph":[{"@type":"WebPage","@id":"https:\/\/wroclawskie-kamienice.pl\/index.php\/2011\/10\/03\/blog-forum-gdansk-2011\/","url":"https:\/\/wroclawskie-kamienice.pl\/index.php\/2011\/10\/03\/blog-forum-gdansk-2011\/","name":"Blog Forum Gda\u0144sk 2011 | Wroc\u0142awskie Kamienice","isPartOf":{"@id":"https:\/\/wroclawskie-kamienice.pl\/#website"},"primaryImageOfPage":{"@id":"https:\/\/wroclawskie-kamienice.pl\/index.php\/2011\/10\/03\/blog-forum-gdansk-2011\/#primaryimage"},"image":{"@id":"https:\/\/wroclawskie-kamienice.pl\/index.php\/2011\/10\/03\/blog-forum-gdansk-2011\/#primaryimage"},"thumbnailUrl":"https:\/\/4.bp.blogspot.com\/-txLNfRCr7UY\/WMU14ZU_eZI\/AAAAAAAAL_U\/jyNsq400Yz8fdq46Vt-FbXTD5x233NhIQCLcB\/s640\/gdansk-2110252_1280.jpg","datePublished":"2011-10-03T21:44:00+00:00","author":{"@id":"https:\/\/wroclawskie-kamienice.pl\/#\/schema\/person\/21fced558fdbcc1b64a74f1b4a21c592"},"breadcrumb":{"@id":"https:\/\/wroclawskie-kamienice.pl\/index.php\/2011\/10\/03\/blog-forum-gdansk-2011\/#breadcrumb"},"inLanguage":"pl-PL","potentialAction":[{"@type":"ReadAction","target":["https:\/\/wroclawskie-kamienice.pl\/index.php\/2011\/10\/03\/blog-forum-gdansk-2011\/"]}]},{"@type":"ImageObject","inLanguage":"pl-PL","@id":"https:\/\/wroclawskie-kamienice.pl\/index.php\/2011\/10\/03\/blog-forum-gdansk-2011\/#primaryimage","url":"https:\/\/4.bp.blogspot.com\/-txLNfRCr7UY\/WMU14ZU_eZI\/AAAAAAAAL_U\/jyNsq400Yz8fdq46Vt-FbXTD5x233NhIQCLcB\/s640\/gdansk-2110252_1280.jpg","contentUrl":"https:\/\/4.bp.blogspot.com\/-txLNfRCr7UY\/WMU14ZU_eZI\/AAAAAAAAL_U\/jyNsq400Yz8fdq46Vt-FbXTD5x233NhIQCLcB\/s640\/gdansk-2110252_1280.jpg"},{"@type":"BreadcrumbList","@id":"https:\/\/wroclawskie-kamienice.pl\/index.php\/2011\/10\/03\/blog-forum-gdansk-2011\/#breadcrumb","itemListElement":[{"@type":"ListItem","position":1,"name":"Strona g\u0142\u00f3wna","item":"https:\/\/wroclawskie-kamienice.pl\/"},{"@type":"ListItem","position":2,"name":"Blog Forum Gda\u0144sk 2011"}]},{"@type":"WebSite","@id":"https:\/\/wroclawskie-kamienice.pl\/#website","url":"https:\/\/wroclawskie-kamienice.pl\/","name":"Wroc\u0142awskie Kamienice","description":"","potentialAction":[{"@type":"SearchAction","target":{"@type":"EntryPoint","urlTemplate":"https:\/\/wroclawskie-kamienice.pl\/?s={search_term_string}"},"query-input":{"@type":"PropertyValueSpecification","valueRequired":true,"valueName":"search_term_string"}}],"inLanguage":"pl-PL"},{"@type":"Person","@id":"https:\/\/wroclawskie-kamienice.pl\/#\/schema\/person\/21fced558fdbcc1b64a74f1b4a21c592","name":"Ewelina Kodzis","image":{"@type":"ImageObject","inLanguage":"pl-PL","@id":"https:\/\/wroclawskie-kamienice.pl\/#\/schema\/person\/image\/","url":"https:\/\/secure.gravatar.com\/avatar\/4a7fc5b2885261c85e300a114cd565425fbc799e1f433806465ee256fa1738c9?s=96&d=mm&r=g","contentUrl":"https:\/\/secure.gravatar.com\/avatar\/4a7fc5b2885261c85e300a114cd565425fbc799e1f433806465ee256fa1738c9?s=96&d=mm&r=g","caption":"Ewelina Kodzis"},"description":"Filologia, dziennikarstwo, grafika i blogowanie. Opr\u00f3cz tego Wroc\u0142aw, muzyka, jesie\u0144 i koty. P\u00f3\u017aniej dopiero ca\u0142a reszta.","url":"https:\/\/wroclawskie-kamienice.pl\/index.php\/author\/admin6028\/"}]}},"_links":{"self":[{"href":"https:\/\/wroclawskie-kamienice.pl\/index.php\/wp-json\/wp\/v2\/posts\/75","targetHints":{"allow":["GET"]}}],"collection":[{"href":"https:\/\/wroclawskie-kamienice.pl\/index.php\/wp-json\/wp\/v2\/posts"}],"about":[{"href":"https:\/\/wroclawskie-kamienice.pl\/index.php\/wp-json\/wp\/v2\/types\/post"}],"author":[{"embeddable":true,"href":"https:\/\/wroclawskie-kamienice.pl\/index.php\/wp-json\/wp\/v2\/users\/1"}],"replies":[{"embeddable":true,"href":"https:\/\/wroclawskie-kamienice.pl\/index.php\/wp-json\/wp\/v2\/comments?post=75"}],"version-history":[{"count":0,"href":"https:\/\/wroclawskie-kamienice.pl\/index.php\/wp-json\/wp\/v2\/posts\/75\/revisions"}],"wp:attachment":[{"href":"https:\/\/wroclawskie-kamienice.pl\/index.php\/wp-json\/wp\/v2\/media?parent=75"}],"wp:term":[{"taxonomy":"category","embeddable":true,"href":"https:\/\/wroclawskie-kamienice.pl\/index.php\/wp-json\/wp\/v2\/categories?post=75"},{"taxonomy":"post_tag","embeddable":true,"href":"https:\/\/wroclawskie-kamienice.pl\/index.php\/wp-json\/wp\/v2\/tags?post=75"}],"curies":[{"name":"wp","href":"https:\/\/api.w.org\/{rel}","templated":true}]}}