{"id":76,"date":"2011-09-23T16:42:00","date_gmt":"2011-09-23T14:42:00","guid":{"rendered":"http:\/\/wroclawskie-kamienice.pl\/index.php\/2011\/09\/23\/ul-traugutta-121\/"},"modified":"2020-09-25T11:52:58","modified_gmt":"2020-09-25T09:52:58","slug":"ul-traugutta-121","status":"publish","type":"post","link":"https:\/\/wroclawskie-kamienice.pl\/index.php\/2011\/09\/23\/ul-traugutta-121\/","title":{"rendered":"Traugutta 121"},"content":{"rendered":"\n<h2 class=\"has-cyan-bluish-gray-color has-text-color wp-block-heading\">Mam nadziej\u0119, \u017ce nie przyzwyczaili\u015bcie si\u0119 zbytnio do zdj\u0119\u0107 z wyremontowanych kamienic. Drodzy Pa\u0144stwo, dzi\u015b idziemy na Traugutta 121. <\/h2>\n\n\n\n<p>Kiepska reputacja s\u0142ynnego wroc\u0142awskiego Tr\u00f3jk\u0105ta Bermudzkiego to kula u nogi dla tych okolic. Tr\u00f3jk\u0105t mo\u017ce i by\u0142 niebezpieczny, owszem, ale lata temu. Teraz w zasadzie nie r\u00f3\u017cni si\u0119 poziomem przest\u0119pczo\u015bci od wielu innych dzielnic. I wcale nie chodzi tu o to, \u017ce w innych dzielnicach przest\u0119pczo\u015b\u0107 wzros\u0142a ;). &#8222;Na mie\u015bcie gadaj\u0105&#8221;, \u017ce ci, przez kt\u00f3rych ludzie \u201eznikali&nbsp; w Tr\u00f3jk\u0105cie\u201d, to albo ju\u017c nie \u017cyj\u0105, albo siedz\u0105 w wi\u0119zieniu, albo\u2026 wyemigrowali. Nie wiem, ile w tym prawdy. Spacery po Tr\u00f3jk\u0105cie uwielbiam i nigdy nie spotka\u0142o mnie tam nic z\u0142ego. Mo\u017ce po prostu mam szcz\u0119\u015bcie, a mo\u017ce z\u0142a s\u0142awa miejsca to ju\u017c tylko legenda.<\/p>\n\n\n\n<h6 class=\"has-vivid-red-color has-text-color wp-block-heading\">Apteka pod S\u0142o\u0144cem<\/h6>\n\n\n\n<p>Traugutta 121 jest znana ze swojej odwiecznej apteki. &#8222;Apteka Pod S\u0142o\u0144cem&#8221; mie\u015bci si\u0119 tam od 1 czerwca 1896 roku! Warto zajrze\u0107 do \u015brodka, gdy\u017c zachowa\u0142o si\u0119 tam oryginalne wyposa\u017cenie. Nawet je\u015bli nie w 100%, to klimat jest i tak niesamowity. Przez chwil\u0119 mo\u017cna si\u0119 poczu\u0107 jak w &#8222;Apotheke zur Sonne&#8221;. Do tego przemi\u0142y i cierpliwy personel, kt\u00f3ry przywyk\u0142 ju\u017c do stanu os\u0142upienia, w jaki wprowadza klient\u00f3w tak niezwyk\u0142y interier i traktuje ich z wielk\u0105 wyrozumia\u0142o\u015bci\u0105 \ud83d\ude09 (uprzedzaj\u0105c pytania: nie, to nie jest reklama i nikt mi za to nie p\u0142aci \ud83d\ude09 &#8211; po prostu lubi\u0119 to miejsce). W sieni kamienicy czaj\u0105 si\u0119 w\u0119\u017ce Eskulapa. Niestety, eskulapy nie s\u0105 jadowite, wi\u0119c mo\u017ce dlatego nie odstraszy\u0142y chuliganerii, kt\u00f3ra podprowadzi\u0142a dwie drewniane bramy&#8230; \u015aciany w og\u00f3le wygl\u0105daj\u0105, jakby co\u015b je poobgryza\u0142o. Tak do wysoko\u015bci 1,80 m dewastacja przybra\u0142a najwymy\u015blniejsze formy. Wy\u017cej jest ju\u017c \u201etylko\u201d strasznie brudno \u2013 kurz, smog, osady dziej\u00f3w&#8230;&nbsp;<\/p>\n\n\n\n<h6 class=\"has-vivid-red-color has-text-color wp-block-heading\">Ciemno, ale czysto<\/h6>\n\n\n\n<p>Domofon i drzwi czekaj\u0105 dopiero przy wej\u015bciu na klatk\u0119 schodow\u0105. A w \u015brodku\u2026 egipskie ciemno\u015bci. Gdzie\u015b w oddali, od strony zej\u015bcia do piwnicy, majaczy \u015bwiat\u0142o jednej \u017car\u00f3wki; druga tkwi\u0142a dopiero przy schodach. Dopiero po chwili zda\u0142am sobie spraw\u0119 z tego, \u017ce z g\u00f3ry te\u017c dochodz\u0105 w\u0105t\u0142e promienie \u015bwiat\u0142a. Jest \u015bwietlik, ale tak brudny, \u017ce trudno wymaga\u0107, by spe\u0142nia\u0142 sw\u0105 rol\u0119. Dlatego wybaczcie niewyra\u017ane zdj\u0119cia z parteru, gdy\u017c m\u00f3j aparat przy tym \u015bwietle po prostu si\u0119 podda\u0142.<\/p>\n\n\n\n<p>W okolicach pierwszego lub drugiego pi\u0119tra &#8211; nie pami\u0119tam ju\u017c dok\u0142adnie &#8211; napotka\u0142am jedn\u0105 z lokatorek, kt\u00f3ra z ogromnym zapa\u0142em szorowa\u0142a pod\u0142og\u0119, \u015bciany, por\u0119cze, okna wychodz\u0105ce na &#8222;studni\u0119&#8221; (tak\u0105 sam\u0105 jak na <a href=\"https:\/\/wroclawskie-kamienice.pl\/index.php\/2011\/09\/12\/ul-gajowa-36\/\" target=\"_blank\" rel=\"noreferrer noopener\">Gajowej 36<\/a>), og\u00f3lnie: wszystko, co by\u0142o na &#8222;jej&#8221; pi\u0119trze. My\u015bla\u0142am, \u017ce kobiecin\u0119 u\u015bciskam ;)! Stary i zniszczony budynek to jedno, ale stary, zniszczony i zasyfiony budynek\u2026 to ca\u0142kiem inna sprawa. Dlatego zawsze buduj\u0105ce jest dla mnie, gdy widz\u0119 dba\u0142o\u015b\u0107 lokator\u00f3w o ich otoczenie. Traugutta 121 ma pod tym wzgl\u0119dem szcz\u0119\u015bcie. \ud83d\ude42 Na kolejnym pi\u0119trze zachowa\u0142o si\u0119 troch\u0119 \u0142adnej, oryginalnej stolarki drzwiowej, najwyra\u017aniej odnawianej przez lokator\u00f3w &#8211; z ca\u0142kiem dobrymi rezultatami.<\/p>\n\n\n\n<p>Kamienica wymaga remontu. Mo\u017cliwe, \u017ce bywaj\u0105c cz\u0119sto w aptece wyrobi\u0142am sobie b\u0142\u0119dne przekonanie, \u017ce ca\u0142emu budynkowi si\u0119 jako\u015b w miar\u0119 powodzi, jednak to by\u0142o z\u0142udne wra\u017cenie. <a href=\"http:\/\/www.fotopolska.eu\/77556,foto.html\">Tak<\/a> wygl\u0105da\u0142a na pocz\u0105tku XX wieku.<\/p>\n\n\n\n<p>PS W ramach ciekawostki. Wiecie, \u017ce wroc\u0142awski Tr\u00f3jk\u0105t inspiruje? Polecam utw\u00f3r wroc\u0142awianina Lecha Janerki <a href=\"http:\/\/www.youtube.com\/watch?v=HCLkg1h6CCY\">&#8222;Strze\u017c si\u0119 tych miejsc&#8221;<\/a>, a dla mi\u0142o\u015bnik\u00f3w innej stylistyki muzycznej s\u0105 covery w wykonaniu Lao Che i Fading Colours.<\/p>\n\n\n\nngg_shortcode_0_placeholder\n\n\n\n<p><\/p>\n\n\n\n<blockquote class=\"wp-block-quote is-layout-flow wp-block-quote-is-layout-flow\"><p><strong><a href=\"http:\/\/mapy.google.pl\/maps\/ms?msid=209490522821960737794.0004875f6134002f1ba4a&amp;msa=0&amp;ll=51.100083,17.054515&amp;spn=0.001725,0.004823\" target=\"_blank\" rel=\"noreferrer noopener\">Traugutta 121<\/a><br><\/strong><br><strong>Dzielnica: <\/strong>Krzyki<br><strong>Osiedle: <\/strong>Przedmie\u015bcie O\u0142awskie<br><strong>Ulica: <\/strong>Romualda Traugutta, <strong>dawniej: <\/strong>odcinek zachodni &#8211; Wallgasse, odcinek wschodni &#8211; Weingasse; po w\u0142\u0105czeniu Przedmie\u015bcia O\u0142awskiego od Wroc\u0142awia w 1808 roku po\u0142\u0105czono obie drogi i nadano im nazw\u0119 Klosterstra\u00dfe (ul. Klasztorna) &#8211; od znajduj\u0105cego si\u0119 tam klasztoru Bonifratr\u00f3w.<\/p><\/blockquote>\n","protected":false},"excerpt":{"rendered":"<p>Mam nadziej\u0119, \u017ce nie przyzwyczaili\u015bcie si\u0119 zbytnio do zdj\u0119\u0107 z wyremontowanych kamienic. Drodzy Pa\u0144stwo, dzi\u015b idziemy na Traugutta 121. Kiepska<\/p>\n","protected":false},"author":1,"featured_media":3740,"comment_status":"open","ping_status":"open","sticky":false,"template":"","format":"standard","meta":{"ngg_post_thumbnail":0,"footnotes":""},"categories":[60,15,93,94,96,183],"tags":[232],"class_list":["post-76","post","type-post","status-publish","format-standard","has-post-thumbnail","hentry","category-fasada","category-kamienica","category-krzyki","category-przedmiescie-olawskie","category-ruina","category-wandalizm","tag-krzyki"],"yoast_head":"<!-- This site is optimized with the Yoast SEO plugin v25.1 - https:\/\/yoast.com\/wordpress\/plugins\/seo\/ -->\n<title>Traugutta 121 | Wroc\u0142awskie Kamienice<\/title>\n<meta name=\"description\" content=\"Traugutta 121 - zobacz pi\u0119kn\u0105 kamienic\u0119, w kt\u00f3rej od 1896 roku mie\u015bci si\u0119 Apteka pod S\u0142o\u0144cem. Apotheke zur Sonne, Breslau.\" \/>\n<meta name=\"robots\" content=\"index, follow, max-snippet:-1, max-image-preview:large, max-video-preview:-1\" \/>\n<link rel=\"canonical\" href=\"https:\/\/wroclawskie-kamienice.pl\/index.php\/2011\/09\/23\/ul-traugutta-121\/\" \/>\n<meta property=\"og:locale\" content=\"pl_PL\" \/>\n<meta property=\"og:type\" content=\"article\" \/>\n<meta property=\"og:title\" content=\"Traugutta 121 | Wroc\u0142awskie Kamienice\" \/>\n<meta property=\"og:description\" content=\"Traugutta 121 - zobacz pi\u0119kn\u0105 kamienic\u0119, w kt\u00f3rej od 1896 roku mie\u015bci si\u0119 Apteka pod S\u0142o\u0144cem. Apotheke zur Sonne, Breslau.\" \/>\n<meta property=\"og:url\" content=\"https:\/\/wroclawskie-kamienice.pl\/index.php\/2011\/09\/23\/ul-traugutta-121\/\" \/>\n<meta property=\"og:site_name\" content=\"Wroc\u0142awskie Kamienice\" \/>\n<meta property=\"article:publisher\" content=\"https:\/\/www.facebook.com\/wroclawskie.kamienice\" \/>\n<meta property=\"article:published_time\" content=\"2011-09-23T14:42:00+00:00\" \/>\n<meta property=\"article:modified_time\" content=\"2020-09-25T09:52:58+00:00\" \/>\n<meta property=\"og:image\" content=\"https:\/\/wroclawskie-kamienice.pl\/wp-content\/uploads\/2020\/09\/DSC5612-e1601027458158.jpg\" \/>\n\t<meta property=\"og:image:width\" content=\"997\" \/>\n\t<meta property=\"og:image:height\" content=\"664\" \/>\n\t<meta property=\"og:image:type\" content=\"image\/jpeg\" \/>\n<meta name=\"author\" content=\"Ewelina Kodzis\" \/>\n<meta name=\"twitter:card\" content=\"summary_large_image\" \/>\n<meta name=\"twitter:label1\" content=\"Napisane przez\" \/>\n\t<meta name=\"twitter:data1\" content=\"Ewelina Kodzis\" \/>\n\t<meta name=\"twitter:label2\" content=\"Szacowany czas czytania\" \/>\n\t<meta name=\"twitter:data2\" content=\"3 minuty\" \/>\n<script type=\"application\/ld+json\" class=\"yoast-schema-graph\">{\"@context\":\"https:\/\/schema.org\",\"@graph\":[{\"@type\":\"WebPage\",\"@id\":\"https:\/\/wroclawskie-kamienice.pl\/index.php\/2011\/09\/23\/ul-traugutta-121\/\",\"url\":\"https:\/\/wroclawskie-kamienice.pl\/index.php\/2011\/09\/23\/ul-traugutta-121\/\",\"name\":\"Traugutta 121 | Wroc\u0142awskie Kamienice\",\"isPartOf\":{\"@id\":\"https:\/\/wroclawskie-kamienice.pl\/#website\"},\"primaryImageOfPage\":{\"@id\":\"https:\/\/wroclawskie-kamienice.pl\/index.php\/2011\/09\/23\/ul-traugutta-121\/#primaryimage\"},\"image\":{\"@id\":\"https:\/\/wroclawskie-kamienice.pl\/index.php\/2011\/09\/23\/ul-traugutta-121\/#primaryimage\"},\"thumbnailUrl\":\"https:\/\/wroclawskie-kamienice.pl\/wp-content\/uploads\/2020\/09\/DSC5612-e1601027458158.jpg\",\"datePublished\":\"2011-09-23T14:42:00+00:00\",\"dateModified\":\"2020-09-25T09:52:58+00:00\",\"author\":{\"@id\":\"https:\/\/wroclawskie-kamienice.pl\/#\/schema\/person\/21fced558fdbcc1b64a74f1b4a21c592\"},\"description\":\"Traugutta 121 - zobacz pi\u0119kn\u0105 kamienic\u0119, w kt\u00f3rej od 1896 roku mie\u015bci si\u0119 Apteka pod S\u0142o\u0144cem. Apotheke zur Sonne, Breslau.\",\"breadcrumb\":{\"@id\":\"https:\/\/wroclawskie-kamienice.pl\/index.php\/2011\/09\/23\/ul-traugutta-121\/#breadcrumb\"},\"inLanguage\":\"pl-PL\",\"potentialAction\":[{\"@type\":\"ReadAction\",\"target\":[\"https:\/\/wroclawskie-kamienice.pl\/index.php\/2011\/09\/23\/ul-traugutta-121\/\"]}]},{\"@type\":\"ImageObject\",\"inLanguage\":\"pl-PL\",\"@id\":\"https:\/\/wroclawskie-kamienice.pl\/index.php\/2011\/09\/23\/ul-traugutta-121\/#primaryimage\",\"url\":\"https:\/\/wroclawskie-kamienice.pl\/wp-content\/uploads\/2020\/09\/DSC5612-e1601027458158.jpg\",\"contentUrl\":\"https:\/\/wroclawskie-kamienice.pl\/wp-content\/uploads\/2020\/09\/DSC5612-e1601027458158.jpg\",\"width\":997,\"height\":664,\"caption\":\"Traugutta 121\"},{\"@type\":\"BreadcrumbList\",\"@id\":\"https:\/\/wroclawskie-kamienice.pl\/index.php\/2011\/09\/23\/ul-traugutta-121\/#breadcrumb\",\"itemListElement\":[{\"@type\":\"ListItem\",\"position\":1,\"name\":\"Strona g\u0142\u00f3wna\",\"item\":\"https:\/\/wroclawskie-kamienice.pl\/\"},{\"@type\":\"ListItem\",\"position\":2,\"name\":\"Traugutta 121\"}]},{\"@type\":\"WebSite\",\"@id\":\"https:\/\/wroclawskie-kamienice.pl\/#website\",\"url\":\"https:\/\/wroclawskie-kamienice.pl\/\",\"name\":\"Wroc\u0142awskie Kamienice\",\"description\":\"\",\"potentialAction\":[{\"@type\":\"SearchAction\",\"target\":{\"@type\":\"EntryPoint\",\"urlTemplate\":\"https:\/\/wroclawskie-kamienice.pl\/?s={search_term_string}\"},\"query-input\":{\"@type\":\"PropertyValueSpecification\",\"valueRequired\":true,\"valueName\":\"search_term_string\"}}],\"inLanguage\":\"pl-PL\"},{\"@type\":\"Person\",\"@id\":\"https:\/\/wroclawskie-kamienice.pl\/#\/schema\/person\/21fced558fdbcc1b64a74f1b4a21c592\",\"name\":\"Ewelina Kodzis\",\"image\":{\"@type\":\"ImageObject\",\"inLanguage\":\"pl-PL\",\"@id\":\"https:\/\/wroclawskie-kamienice.pl\/#\/schema\/person\/image\/\",\"url\":\"https:\/\/secure.gravatar.com\/avatar\/4a7fc5b2885261c85e300a114cd565425fbc799e1f433806465ee256fa1738c9?s=96&d=mm&r=g\",\"contentUrl\":\"https:\/\/secure.gravatar.com\/avatar\/4a7fc5b2885261c85e300a114cd565425fbc799e1f433806465ee256fa1738c9?s=96&d=mm&r=g\",\"caption\":\"Ewelina Kodzis\"},\"description\":\"Filologia, dziennikarstwo, grafika i blogowanie. Opr\u00f3cz tego Wroc\u0142aw, muzyka, jesie\u0144 i koty. P\u00f3\u017aniej dopiero ca\u0142a reszta.\",\"url\":\"https:\/\/wroclawskie-kamienice.pl\/index.php\/author\/admin6028\/\"}]}<\/script>\n<!-- \/ Yoast SEO plugin. -->","yoast_head_json":{"title":"Traugutta 121 | Wroc\u0142awskie Kamienice","description":"Traugutta 121 - zobacz pi\u0119kn\u0105 kamienic\u0119, w kt\u00f3rej od 1896 roku mie\u015bci si\u0119 Apteka pod S\u0142o\u0144cem. Apotheke zur Sonne, Breslau.","robots":{"index":"index","follow":"follow","max-snippet":"max-snippet:-1","max-image-preview":"max-image-preview:large","max-video-preview":"max-video-preview:-1"},"canonical":"https:\/\/wroclawskie-kamienice.pl\/index.php\/2011\/09\/23\/ul-traugutta-121\/","og_locale":"pl_PL","og_type":"article","og_title":"Traugutta 121 | Wroc\u0142awskie Kamienice","og_description":"Traugutta 121 - zobacz pi\u0119kn\u0105 kamienic\u0119, w kt\u00f3rej od 1896 roku mie\u015bci si\u0119 Apteka pod S\u0142o\u0144cem. Apotheke zur Sonne, Breslau.","og_url":"https:\/\/wroclawskie-kamienice.pl\/index.php\/2011\/09\/23\/ul-traugutta-121\/","og_site_name":"Wroc\u0142awskie Kamienice","article_publisher":"https:\/\/www.facebook.com\/wroclawskie.kamienice","article_published_time":"2011-09-23T14:42:00+00:00","article_modified_time":"2020-09-25T09:52:58+00:00","og_image":[{"width":997,"height":664,"url":"https:\/\/wroclawskie-kamienice.pl\/wp-content\/uploads\/2020\/09\/DSC5612-e1601027458158.jpg","type":"image\/jpeg"}],"author":"Ewelina Kodzis","twitter_card":"summary_large_image","twitter_misc":{"Napisane przez":"Ewelina Kodzis","Szacowany czas czytania":"3 minuty"},"schema":{"@context":"https:\/\/schema.org","@graph":[{"@type":"WebPage","@id":"https:\/\/wroclawskie-kamienice.pl\/index.php\/2011\/09\/23\/ul-traugutta-121\/","url":"https:\/\/wroclawskie-kamienice.pl\/index.php\/2011\/09\/23\/ul-traugutta-121\/","name":"Traugutta 121 | Wroc\u0142awskie Kamienice","isPartOf":{"@id":"https:\/\/wroclawskie-kamienice.pl\/#website"},"primaryImageOfPage":{"@id":"https:\/\/wroclawskie-kamienice.pl\/index.php\/2011\/09\/23\/ul-traugutta-121\/#primaryimage"},"image":{"@id":"https:\/\/wroclawskie-kamienice.pl\/index.php\/2011\/09\/23\/ul-traugutta-121\/#primaryimage"},"thumbnailUrl":"https:\/\/wroclawskie-kamienice.pl\/wp-content\/uploads\/2020\/09\/DSC5612-e1601027458158.jpg","datePublished":"2011-09-23T14:42:00+00:00","dateModified":"2020-09-25T09:52:58+00:00","author":{"@id":"https:\/\/wroclawskie-kamienice.pl\/#\/schema\/person\/21fced558fdbcc1b64a74f1b4a21c592"},"description":"Traugutta 121 - zobacz pi\u0119kn\u0105 kamienic\u0119, w kt\u00f3rej od 1896 roku mie\u015bci si\u0119 Apteka pod S\u0142o\u0144cem. Apotheke zur Sonne, Breslau.","breadcrumb":{"@id":"https:\/\/wroclawskie-kamienice.pl\/index.php\/2011\/09\/23\/ul-traugutta-121\/#breadcrumb"},"inLanguage":"pl-PL","potentialAction":[{"@type":"ReadAction","target":["https:\/\/wroclawskie-kamienice.pl\/index.php\/2011\/09\/23\/ul-traugutta-121\/"]}]},{"@type":"ImageObject","inLanguage":"pl-PL","@id":"https:\/\/wroclawskie-kamienice.pl\/index.php\/2011\/09\/23\/ul-traugutta-121\/#primaryimage","url":"https:\/\/wroclawskie-kamienice.pl\/wp-content\/uploads\/2020\/09\/DSC5612-e1601027458158.jpg","contentUrl":"https:\/\/wroclawskie-kamienice.pl\/wp-content\/uploads\/2020\/09\/DSC5612-e1601027458158.jpg","width":997,"height":664,"caption":"Traugutta 121"},{"@type":"BreadcrumbList","@id":"https:\/\/wroclawskie-kamienice.pl\/index.php\/2011\/09\/23\/ul-traugutta-121\/#breadcrumb","itemListElement":[{"@type":"ListItem","position":1,"name":"Strona g\u0142\u00f3wna","item":"https:\/\/wroclawskie-kamienice.pl\/"},{"@type":"ListItem","position":2,"name":"Traugutta 121"}]},{"@type":"WebSite","@id":"https:\/\/wroclawskie-kamienice.pl\/#website","url":"https:\/\/wroclawskie-kamienice.pl\/","name":"Wroc\u0142awskie Kamienice","description":"","potentialAction":[{"@type":"SearchAction","target":{"@type":"EntryPoint","urlTemplate":"https:\/\/wroclawskie-kamienice.pl\/?s={search_term_string}"},"query-input":{"@type":"PropertyValueSpecification","valueRequired":true,"valueName":"search_term_string"}}],"inLanguage":"pl-PL"},{"@type":"Person","@id":"https:\/\/wroclawskie-kamienice.pl\/#\/schema\/person\/21fced558fdbcc1b64a74f1b4a21c592","name":"Ewelina Kodzis","image":{"@type":"ImageObject","inLanguage":"pl-PL","@id":"https:\/\/wroclawskie-kamienice.pl\/#\/schema\/person\/image\/","url":"https:\/\/secure.gravatar.com\/avatar\/4a7fc5b2885261c85e300a114cd565425fbc799e1f433806465ee256fa1738c9?s=96&d=mm&r=g","contentUrl":"https:\/\/secure.gravatar.com\/avatar\/4a7fc5b2885261c85e300a114cd565425fbc799e1f433806465ee256fa1738c9?s=96&d=mm&r=g","caption":"Ewelina Kodzis"},"description":"Filologia, dziennikarstwo, grafika i blogowanie. Opr\u00f3cz tego Wroc\u0142aw, muzyka, jesie\u0144 i koty. P\u00f3\u017aniej dopiero ca\u0142a reszta.","url":"https:\/\/wroclawskie-kamienice.pl\/index.php\/author\/admin6028\/"}]}},"_links":{"self":[{"href":"https:\/\/wroclawskie-kamienice.pl\/index.php\/wp-json\/wp\/v2\/posts\/76","targetHints":{"allow":["GET"]}}],"collection":[{"href":"https:\/\/wroclawskie-kamienice.pl\/index.php\/wp-json\/wp\/v2\/posts"}],"about":[{"href":"https:\/\/wroclawskie-kamienice.pl\/index.php\/wp-json\/wp\/v2\/types\/post"}],"author":[{"embeddable":true,"href":"https:\/\/wroclawskie-kamienice.pl\/index.php\/wp-json\/wp\/v2\/users\/1"}],"replies":[{"embeddable":true,"href":"https:\/\/wroclawskie-kamienice.pl\/index.php\/wp-json\/wp\/v2\/comments?post=76"}],"version-history":[{"count":5,"href":"https:\/\/wroclawskie-kamienice.pl\/index.php\/wp-json\/wp\/v2\/posts\/76\/revisions"}],"predecessor-version":[{"id":3743,"href":"https:\/\/wroclawskie-kamienice.pl\/index.php\/wp-json\/wp\/v2\/posts\/76\/revisions\/3743"}],"wp:featuredmedia":[{"embeddable":true,"href":"https:\/\/wroclawskie-kamienice.pl\/index.php\/wp-json\/wp\/v2\/media\/3740"}],"wp:attachment":[{"href":"https:\/\/wroclawskie-kamienice.pl\/index.php\/wp-json\/wp\/v2\/media?parent=76"}],"wp:term":[{"taxonomy":"category","embeddable":true,"href":"https:\/\/wroclawskie-kamienice.pl\/index.php\/wp-json\/wp\/v2\/categories?post=76"},{"taxonomy":"post_tag","embeddable":true,"href":"https:\/\/wroclawskie-kamienice.pl\/index.php\/wp-json\/wp\/v2\/tags?post=76"}],"curies":[{"name":"wp","href":"https:\/\/api.w.org\/{rel}","templated":true}]}}