{"id":80,"date":"2011-08-31T23:45:00","date_gmt":"2011-08-31T21:45:00","guid":{"rendered":"http:\/\/wroclawskie-kamienice.pl\/index.php\/2011\/08\/31\/blog-day-2011-az-slow-mi-brak\/"},"modified":"2011-08-31T23:45:00","modified_gmt":"2011-08-31T21:45:00","slug":"blog-day-2011-az-slow-mi-brak","status":"publish","type":"post","link":"https:\/\/wroclawskie-kamienice.pl\/index.php\/2011\/08\/31\/blog-day-2011-az-slow-mi-brak\/","title":{"rendered":"Blog Day 2011. A\u017c s\u0142\u00f3w mi brak!"},"content":{"rendered":"<div style=\"font-family: &quot;Trebuchet MS&quot;,sans-serif; text-align: justify;\">\n<div style=\"clear: both; text-align: center;\"><a href=\"https:\/\/4.bp.blogspot.com\/-q06FImzbErY\/WMU5ZMCQO1I\/AAAAAAAAL_4\/fHgHmQH2s28qcWQuaXvGNri0fUdnTotLACLcB\/s1600\/blog-684748_1280.jpg\" style=\"margin-left: 1em; margin-right: 1em;\"><img loading=\"lazy\" decoding=\"async\" border=\"0\" height=\"480\" src=\"https:\/\/4.bp.blogspot.com\/-q06FImzbErY\/WMU5ZMCQO1I\/AAAAAAAAL_4\/fHgHmQH2s28qcWQuaXvGNri0fUdnTotLACLcB\/s640\/blog-684748_1280.jpg\" width=\"640\" \/><\/a><\/div>\n<p><span style=\"font-size: small;\"><br \/><\/span><span style=\"font-size: small;\">Szanowni Kamienicofile,<\/span><\/div>\n<div style=\"font-family: &quot;Trebuchet MS&quot;,sans-serif; text-align: justify;\"><\/div>\n<div style=\"font-family: &quot;Trebuchet MS&quot;,sans-serif; text-align: justify;\"><span style=\"font-size: small;\">z najwi\u0119ksz\u0105 dum\u0105 i rado\u015bci\u0105 informuj\u0119 Was, \u017ce <i>Wroc\u0142awskie kamienice<\/i> zaj\u0119\u0142y pierwsze miejsce w kategorii &#8222;miasto-region&#8221; konkursu Blog Day 2011.&nbsp;<\/span><\/div>\n<div style=\"font-family: &quot;Trebuchet MS&quot;,sans-serif; text-align: justify;\"><\/div>\n<div style=\"font-family: &quot;Trebuchet MS&quot;,sans-serif; text-align: justify;\"><span style=\"font-size: small;\">Moja wrodzona gadatliwo\u015b\u0107 wzi\u0119\u0142a wolne. Nie wiem, co powiedzie\u0107. Oczywi\u015bcie, \u017ce <i>dzi\u0119kuj\u0119<\/i> i <i>nie spodziewa\u0142am si\u0119<\/i>, a jak\u017ce! Gratuluj\u0119 serdecznie wszystkim finalistom i tw\u00f3rcom blog\u00f3w nagrodzonych. \u017ba\u0142uj\u0119 jedynie, \u017ce nie mog\u0142am by\u0107 przy og\u0142aszaniu wynik\u00f3w (Kamilu, bardzo dzi\u0119kuj\u0119 za pomoc!), ale jestem w tej chwili kilkaset kilometr\u00f3w od mojego ukochanego Wroc\u0142awia i jego kamienic&#8230;<\/span><\/div>\n<div style=\"font-family: &quot;Trebuchet MS&quot;,sans-serif; text-align: justify;\"><\/div>\n<div style=\"text-align: justify;\"><\/div>\n","protected":false},"excerpt":{"rendered":"<p>Szanowni Kamienicofile, z najwi\u0119ksz\u0105 dum\u0105 i rado\u015bci\u0105 informuj\u0119 Was, \u017ce Wroc\u0142awskie kamienice zaj\u0119\u0142y pierwsze miejsce w kategorii &#8222;miasto-region&#8221; konkursu Blog<\/p>\n","protected":false},"author":1,"featured_media":0,"comment_status":"open","ping_status":"open","sticky":false,"template":"","format":"standard","meta":{"ngg_post_thumbnail":0,"footnotes":""},"categories":[3],"tags":[],"class_list":["post-80","post","type-post","status-publish","format-standard","hentry","category-tak-od-serca"],"yoast_head":"<!-- This site is optimized with the Yoast SEO plugin v25.1 - https:\/\/yoast.com\/wordpress\/plugins\/seo\/ -->\n<title>Blog Day 2011. A\u017c s\u0142\u00f3w mi brak! | Wroc\u0142awskie Kamienice<\/title>\n<meta name=\"robots\" content=\"index, follow, max-snippet:-1, max-image-preview:large, max-video-preview:-1\" \/>\n<link rel=\"canonical\" href=\"https:\/\/wroclawskie-kamienice.pl\/index.php\/2011\/08\/31\/blog-day-2011-az-slow-mi-brak\/\" \/>\n<meta property=\"og:locale\" content=\"pl_PL\" \/>\n<meta property=\"og:type\" content=\"article\" \/>\n<meta property=\"og:title\" content=\"Blog Day 2011. A\u017c s\u0142\u00f3w mi brak! | Wroc\u0142awskie Kamienice\" \/>\n<meta property=\"og:description\" content=\"Szanowni Kamienicofile, z najwi\u0119ksz\u0105 dum\u0105 i rado\u015bci\u0105 informuj\u0119 Was, \u017ce Wroc\u0142awskie kamienice zaj\u0119\u0142y pierwsze miejsce w kategorii &#8222;miasto-region&#8221; konkursu Blog\" \/>\n<meta property=\"og:url\" content=\"https:\/\/wroclawskie-kamienice.pl\/index.php\/2011\/08\/31\/blog-day-2011-az-slow-mi-brak\/\" \/>\n<meta property=\"og:site_name\" content=\"Wroc\u0142awskie Kamienice\" \/>\n<meta property=\"article:publisher\" content=\"https:\/\/www.facebook.com\/wroclawskie.kamienice\" \/>\n<meta property=\"article:published_time\" content=\"2011-08-31T21:45:00+00:00\" \/>\n<meta property=\"og:image\" content=\"https:\/\/4.bp.blogspot.com\/-q06FImzbErY\/WMU5ZMCQO1I\/AAAAAAAAL_4\/fHgHmQH2s28qcWQuaXvGNri0fUdnTotLACLcB\/s640\/blog-684748_1280.jpg\" \/>\n<meta name=\"author\" content=\"Ewelina Kodzis\" \/>\n<meta name=\"twitter:card\" content=\"summary_large_image\" \/>\n<meta name=\"twitter:label1\" content=\"Napisane przez\" \/>\n\t<meta name=\"twitter:data1\" content=\"Ewelina Kodzis\" \/>\n<script type=\"application\/ld+json\" class=\"yoast-schema-graph\">{\"@context\":\"https:\/\/schema.org\",\"@graph\":[{\"@type\":\"WebPage\",\"@id\":\"https:\/\/wroclawskie-kamienice.pl\/index.php\/2011\/08\/31\/blog-day-2011-az-slow-mi-brak\/\",\"url\":\"https:\/\/wroclawskie-kamienice.pl\/index.php\/2011\/08\/31\/blog-day-2011-az-slow-mi-brak\/\",\"name\":\"Blog Day 2011. A\u017c s\u0142\u00f3w mi brak! | Wroc\u0142awskie Kamienice\",\"isPartOf\":{\"@id\":\"https:\/\/wroclawskie-kamienice.pl\/#website\"},\"primaryImageOfPage\":{\"@id\":\"https:\/\/wroclawskie-kamienice.pl\/index.php\/2011\/08\/31\/blog-day-2011-az-slow-mi-brak\/#primaryimage\"},\"image\":{\"@id\":\"https:\/\/wroclawskie-kamienice.pl\/index.php\/2011\/08\/31\/blog-day-2011-az-slow-mi-brak\/#primaryimage\"},\"thumbnailUrl\":\"https:\/\/4.bp.blogspot.com\/-q06FImzbErY\/WMU5ZMCQO1I\/AAAAAAAAL_4\/fHgHmQH2s28qcWQuaXvGNri0fUdnTotLACLcB\/s640\/blog-684748_1280.jpg\",\"datePublished\":\"2011-08-31T21:45:00+00:00\",\"author\":{\"@id\":\"https:\/\/wroclawskie-kamienice.pl\/#\/schema\/person\/21fced558fdbcc1b64a74f1b4a21c592\"},\"breadcrumb\":{\"@id\":\"https:\/\/wroclawskie-kamienice.pl\/index.php\/2011\/08\/31\/blog-day-2011-az-slow-mi-brak\/#breadcrumb\"},\"inLanguage\":\"pl-PL\",\"potentialAction\":[{\"@type\":\"ReadAction\",\"target\":[\"https:\/\/wroclawskie-kamienice.pl\/index.php\/2011\/08\/31\/blog-day-2011-az-slow-mi-brak\/\"]}]},{\"@type\":\"ImageObject\",\"inLanguage\":\"pl-PL\",\"@id\":\"https:\/\/wroclawskie-kamienice.pl\/index.php\/2011\/08\/31\/blog-day-2011-az-slow-mi-brak\/#primaryimage\",\"url\":\"https:\/\/4.bp.blogspot.com\/-q06FImzbErY\/WMU5ZMCQO1I\/AAAAAAAAL_4\/fHgHmQH2s28qcWQuaXvGNri0fUdnTotLACLcB\/s640\/blog-684748_1280.jpg\",\"contentUrl\":\"https:\/\/4.bp.blogspot.com\/-q06FImzbErY\/WMU5ZMCQO1I\/AAAAAAAAL_4\/fHgHmQH2s28qcWQuaXvGNri0fUdnTotLACLcB\/s640\/blog-684748_1280.jpg\"},{\"@type\":\"BreadcrumbList\",\"@id\":\"https:\/\/wroclawskie-kamienice.pl\/index.php\/2011\/08\/31\/blog-day-2011-az-slow-mi-brak\/#breadcrumb\",\"itemListElement\":[{\"@type\":\"ListItem\",\"position\":1,\"name\":\"Strona g\u0142\u00f3wna\",\"item\":\"https:\/\/wroclawskie-kamienice.pl\/\"},{\"@type\":\"ListItem\",\"position\":2,\"name\":\"Blog Day 2011. A\u017c&nbsp;s\u0142\u00f3w mi&nbsp;brak!\"}]},{\"@type\":\"WebSite\",\"@id\":\"https:\/\/wroclawskie-kamienice.pl\/#website\",\"url\":\"https:\/\/wroclawskie-kamienice.pl\/\",\"name\":\"Wroc\u0142awskie Kamienice\",\"description\":\"\",\"potentialAction\":[{\"@type\":\"SearchAction\",\"target\":{\"@type\":\"EntryPoint\",\"urlTemplate\":\"https:\/\/wroclawskie-kamienice.pl\/?s={search_term_string}\"},\"query-input\":{\"@type\":\"PropertyValueSpecification\",\"valueRequired\":true,\"valueName\":\"search_term_string\"}}],\"inLanguage\":\"pl-PL\"},{\"@type\":\"Person\",\"@id\":\"https:\/\/wroclawskie-kamienice.pl\/#\/schema\/person\/21fced558fdbcc1b64a74f1b4a21c592\",\"name\":\"Ewelina Kodzis\",\"image\":{\"@type\":\"ImageObject\",\"inLanguage\":\"pl-PL\",\"@id\":\"https:\/\/wroclawskie-kamienice.pl\/#\/schema\/person\/image\/\",\"url\":\"https:\/\/secure.gravatar.com\/avatar\/4a7fc5b2885261c85e300a114cd565425fbc799e1f433806465ee256fa1738c9?s=96&d=mm&r=g\",\"contentUrl\":\"https:\/\/secure.gravatar.com\/avatar\/4a7fc5b2885261c85e300a114cd565425fbc799e1f433806465ee256fa1738c9?s=96&d=mm&r=g\",\"caption\":\"Ewelina Kodzis\"},\"description\":\"Filologia, dziennikarstwo, grafika i blogowanie. Opr\u00f3cz tego Wroc\u0142aw, muzyka, jesie\u0144 i koty. P\u00f3\u017aniej dopiero ca\u0142a reszta.\",\"url\":\"https:\/\/wroclawskie-kamienice.pl\/index.php\/author\/admin6028\/\"}]}<\/script>\n<!-- \/ Yoast SEO plugin. -->","yoast_head_json":{"title":"Blog Day 2011. A\u017c s\u0142\u00f3w mi brak! | Wroc\u0142awskie Kamienice","robots":{"index":"index","follow":"follow","max-snippet":"max-snippet:-1","max-image-preview":"max-image-preview:large","max-video-preview":"max-video-preview:-1"},"canonical":"https:\/\/wroclawskie-kamienice.pl\/index.php\/2011\/08\/31\/blog-day-2011-az-slow-mi-brak\/","og_locale":"pl_PL","og_type":"article","og_title":"Blog Day 2011. A\u017c s\u0142\u00f3w mi brak! | Wroc\u0142awskie Kamienice","og_description":"Szanowni Kamienicofile, z najwi\u0119ksz\u0105 dum\u0105 i rado\u015bci\u0105 informuj\u0119 Was, \u017ce Wroc\u0142awskie kamienice zaj\u0119\u0142y pierwsze miejsce w kategorii &#8222;miasto-region&#8221; konkursu Blog","og_url":"https:\/\/wroclawskie-kamienice.pl\/index.php\/2011\/08\/31\/blog-day-2011-az-slow-mi-brak\/","og_site_name":"Wroc\u0142awskie Kamienice","article_publisher":"https:\/\/www.facebook.com\/wroclawskie.kamienice","article_published_time":"2011-08-31T21:45:00+00:00","og_image":[{"url":"https:\/\/4.bp.blogspot.com\/-q06FImzbErY\/WMU5ZMCQO1I\/AAAAAAAAL_4\/fHgHmQH2s28qcWQuaXvGNri0fUdnTotLACLcB\/s640\/blog-684748_1280.jpg","type":"","width":"","height":""}],"author":"Ewelina Kodzis","twitter_card":"summary_large_image","twitter_misc":{"Napisane przez":"Ewelina Kodzis"},"schema":{"@context":"https:\/\/schema.org","@graph":[{"@type":"WebPage","@id":"https:\/\/wroclawskie-kamienice.pl\/index.php\/2011\/08\/31\/blog-day-2011-az-slow-mi-brak\/","url":"https:\/\/wroclawskie-kamienice.pl\/index.php\/2011\/08\/31\/blog-day-2011-az-slow-mi-brak\/","name":"Blog Day 2011. A\u017c s\u0142\u00f3w mi brak! | Wroc\u0142awskie Kamienice","isPartOf":{"@id":"https:\/\/wroclawskie-kamienice.pl\/#website"},"primaryImageOfPage":{"@id":"https:\/\/wroclawskie-kamienice.pl\/index.php\/2011\/08\/31\/blog-day-2011-az-slow-mi-brak\/#primaryimage"},"image":{"@id":"https:\/\/wroclawskie-kamienice.pl\/index.php\/2011\/08\/31\/blog-day-2011-az-slow-mi-brak\/#primaryimage"},"thumbnailUrl":"https:\/\/4.bp.blogspot.com\/-q06FImzbErY\/WMU5ZMCQO1I\/AAAAAAAAL_4\/fHgHmQH2s28qcWQuaXvGNri0fUdnTotLACLcB\/s640\/blog-684748_1280.jpg","datePublished":"2011-08-31T21:45:00+00:00","author":{"@id":"https:\/\/wroclawskie-kamienice.pl\/#\/schema\/person\/21fced558fdbcc1b64a74f1b4a21c592"},"breadcrumb":{"@id":"https:\/\/wroclawskie-kamienice.pl\/index.php\/2011\/08\/31\/blog-day-2011-az-slow-mi-brak\/#breadcrumb"},"inLanguage":"pl-PL","potentialAction":[{"@type":"ReadAction","target":["https:\/\/wroclawskie-kamienice.pl\/index.php\/2011\/08\/31\/blog-day-2011-az-slow-mi-brak\/"]}]},{"@type":"ImageObject","inLanguage":"pl-PL","@id":"https:\/\/wroclawskie-kamienice.pl\/index.php\/2011\/08\/31\/blog-day-2011-az-slow-mi-brak\/#primaryimage","url":"https:\/\/4.bp.blogspot.com\/-q06FImzbErY\/WMU5ZMCQO1I\/AAAAAAAAL_4\/fHgHmQH2s28qcWQuaXvGNri0fUdnTotLACLcB\/s640\/blog-684748_1280.jpg","contentUrl":"https:\/\/4.bp.blogspot.com\/-q06FImzbErY\/WMU5ZMCQO1I\/AAAAAAAAL_4\/fHgHmQH2s28qcWQuaXvGNri0fUdnTotLACLcB\/s640\/blog-684748_1280.jpg"},{"@type":"BreadcrumbList","@id":"https:\/\/wroclawskie-kamienice.pl\/index.php\/2011\/08\/31\/blog-day-2011-az-slow-mi-brak\/#breadcrumb","itemListElement":[{"@type":"ListItem","position":1,"name":"Strona g\u0142\u00f3wna","item":"https:\/\/wroclawskie-kamienice.pl\/"},{"@type":"ListItem","position":2,"name":"Blog Day 2011. A\u017c&nbsp;s\u0142\u00f3w mi&nbsp;brak!"}]},{"@type":"WebSite","@id":"https:\/\/wroclawskie-kamienice.pl\/#website","url":"https:\/\/wroclawskie-kamienice.pl\/","name":"Wroc\u0142awskie Kamienice","description":"","potentialAction":[{"@type":"SearchAction","target":{"@type":"EntryPoint","urlTemplate":"https:\/\/wroclawskie-kamienice.pl\/?s={search_term_string}"},"query-input":{"@type":"PropertyValueSpecification","valueRequired":true,"valueName":"search_term_string"}}],"inLanguage":"pl-PL"},{"@type":"Person","@id":"https:\/\/wroclawskie-kamienice.pl\/#\/schema\/person\/21fced558fdbcc1b64a74f1b4a21c592","name":"Ewelina Kodzis","image":{"@type":"ImageObject","inLanguage":"pl-PL","@id":"https:\/\/wroclawskie-kamienice.pl\/#\/schema\/person\/image\/","url":"https:\/\/secure.gravatar.com\/avatar\/4a7fc5b2885261c85e300a114cd565425fbc799e1f433806465ee256fa1738c9?s=96&d=mm&r=g","contentUrl":"https:\/\/secure.gravatar.com\/avatar\/4a7fc5b2885261c85e300a114cd565425fbc799e1f433806465ee256fa1738c9?s=96&d=mm&r=g","caption":"Ewelina Kodzis"},"description":"Filologia, dziennikarstwo, grafika i blogowanie. Opr\u00f3cz tego Wroc\u0142aw, muzyka, jesie\u0144 i koty. P\u00f3\u017aniej dopiero ca\u0142a reszta.","url":"https:\/\/wroclawskie-kamienice.pl\/index.php\/author\/admin6028\/"}]}},"_links":{"self":[{"href":"https:\/\/wroclawskie-kamienice.pl\/index.php\/wp-json\/wp\/v2\/posts\/80","targetHints":{"allow":["GET"]}}],"collection":[{"href":"https:\/\/wroclawskie-kamienice.pl\/index.php\/wp-json\/wp\/v2\/posts"}],"about":[{"href":"https:\/\/wroclawskie-kamienice.pl\/index.php\/wp-json\/wp\/v2\/types\/post"}],"author":[{"embeddable":true,"href":"https:\/\/wroclawskie-kamienice.pl\/index.php\/wp-json\/wp\/v2\/users\/1"}],"replies":[{"embeddable":true,"href":"https:\/\/wroclawskie-kamienice.pl\/index.php\/wp-json\/wp\/v2\/comments?post=80"}],"version-history":[{"count":0,"href":"https:\/\/wroclawskie-kamienice.pl\/index.php\/wp-json\/wp\/v2\/posts\/80\/revisions"}],"wp:attachment":[{"href":"https:\/\/wroclawskie-kamienice.pl\/index.php\/wp-json\/wp\/v2\/media?parent=80"}],"wp:term":[{"taxonomy":"category","embeddable":true,"href":"https:\/\/wroclawskie-kamienice.pl\/index.php\/wp-json\/wp\/v2\/categories?post=80"},{"taxonomy":"post_tag","embeddable":true,"href":"https:\/\/wroclawskie-kamienice.pl\/index.php\/wp-json\/wp\/v2\/tags?post=80"}],"curies":[{"name":"wp","href":"https:\/\/api.w.org\/{rel}","templated":true}]}}